{"id":1027,"date":"2007-04-26T12:22:13","date_gmt":"2007-04-26T10:22:13","guid":{"rendered":"http:\/\/www.carballada.com\/2007\/04\/micro-compact-home\/"},"modified":"2007-04-26T16:32:31","modified_gmt":"2007-04-26T14:32:31","slug":"micro-compact-home","status":"publish","type":"post","link":"https:\/\/www.carballada.com\/wordpress\/2007\/04\/micro-compact-home","title":{"rendered":"Micro compact home"},"content":{"rendered":"<p><a href=\"http:\/\/www.carballada.com\/wp-content\/uploads\/m-ch.jpg\" title=\"Micro compact home\"><img src=\"http:\/\/www.carballada.com\/wp-content\/uploads\/m-ch.miniatura.jpg\" alt=\"Micro compact home\" class=\"left\" \/><\/a><\/p>\n<p>Despu\u00e9s de las burradas que dijeron algunos <em>pol\u00edticos <\/em>sobre los pisos de <em>30 metros<\/em>.<\/p>\n<p>Despu\u00e9s de ver este fin de semana una <strong>mobil home<\/strong> en un camping y comprobar con mis propios ojos que es casi m\u00e1s grande que <strong>mi <\/strong>piso.<\/p>\n<p>Despu\u00e9s de ver como cada vez los pisos son m\u00e1s y m\u00e1s peque\u00f1os y los <strong>precios <\/strong>m\u00e1s y m\u00e1s altos, me encontr\u00e9 a la gente de <a href=\"http:\/\/www.microcompacthome.com\/index.php\">Micro Compact Home<\/a>.<\/p>\n<p>Mide <strong>266cm <\/strong>x 266cm x 266cm, alucina <strong>7 m2<\/strong>. La cama es de 198cm x 107cm.<\/p>\n<p><strong>(m-ch)<\/strong> es como lo denominan ellos, es un proyecto de vivienda m\u00ednima que en realidad ya se ha utilizado en ambientes estudiantiles en <strong>Alemania<\/strong> y que est\u00e1 a la venta.<\/p>\n<p><!--more--><a href=\"http:\/\/www.carballada.com\/wp-content\/uploads\/microhouse.jpg\" title=\"Micro compact home\"><img src=\"http:\/\/www.carballada.com\/wp-content\/uploads\/microhouse.miniatura.jpg\" alt=\"Micro compact home\" class=\"left\" \/><\/a><\/p>\n<p>En el 2005 en la <strong>Technical University Munich<\/strong> se utilizaron varios m\u00f3dulos para ofrecer vivienda a seis estudiantes y comprobar su viabilidad.<\/p>\n<p>La <a href=\"http:\/\/www.microcompacthome.com\/index.php\">Micro Compact Home<\/a> se ha dise\u00f1ado pensando en energ\u00edas limpias y utilizando materiales ecol\u00f3gicos de \u00faltima generaci\u00f3n.<\/p>\n<p>Todo est\u00e1 dise\u00f1ado para que sea <strong>f\u00e1cil de limpiar<\/strong> y mantener y pensando en el <em>ocio y la comunicaci\u00f3n<\/em>.<\/p>\n<p><a href=\"http:\/\/www.carballada.com\/wp-content\/uploads\/microhouse-en-remolque.jpg\" title=\"Micro compact home en remolque\"><img src=\"http:\/\/www.carballada.com\/wp-content\/uploads\/microhouse-en-remolque.miniatura.jpg\" alt=\"Micro compact home en remolque\" class=\"left\" \/><\/a><\/p>\n<p>Tiene lo justo para vivir y se puede trasladar con un remolque.<\/p>\n<p><strong>Todo incluido<\/strong> (electrodomesticos, etc) y con transporte en Europa sale entre los <strong>25.000 y 34.000\u20ac.<\/strong><\/p>\n<p>Dejo un <em>v\u00eddeo <\/em>en que te haces una idea de como funciona el tema.<\/p>\n<span class=\"vvqbox vvqyoutube\" style=\"width:490px;height:300px;\"><span id=\"vvq-1027-youtube-1\"><a href=\"http:\/\/www.youtube.com\/watch?v=GSjPj5I2cl4\"><img src=\"http:\/\/img.youtube.com\/vi\/GSjPj5I2cl4\/0.jpg\" alt=\"Imagen de previsualizaci\u00f3n de YouTube\" \/><\/a><\/span><\/span>\n<p>Siento lo del audio, la japo <strong>petarda <\/strong>y el doblado en German&#8230;.<\/p>\n","protected":false},"excerpt":{"rendered":"<p>Despu\u00e9s de las burradas que dijeron algunos pol\u00edticos sobre los pisos de 30 metros. Despu\u00e9s de ver este fin de semana una mobil home en un camping y comprobar con mis propios ojos que es casi m\u00e1s grande que mi piso. Despu\u00e9s de ver como cada vez los pisos son m\u00e1s y m\u00e1s peque\u00f1os y [&hellip;]<\/p>\n","protected":false},"author":6,"featured_media":0,"comment_status":"open","ping_status":"open","sticky":false,"template":"","format":"standard","meta":[],"categories":[5,10],"tags":[229,233,49],"geo":null,"_links":{"self":[{"href":"https:\/\/www.carballada.com\/wordpress\/wp-json\/wp\/v2\/posts\/1027"}],"collection":[{"href":"https:\/\/www.carballada.com\/wordpress\/wp-json\/wp\/v2\/posts"}],"about":[{"href":"https:\/\/www.carballada.com\/wordpress\/wp-json\/wp\/v2\/types\/post"}],"author":[{"embeddable":true,"href":"https:\/\/www.carballada.com\/wordpress\/wp-json\/wp\/v2\/users\/6"}],"replies":[{"embeddable":true,"href":"https:\/\/www.carballada.com\/wordpress\/wp-json\/wp\/v2\/comments?post=1027"}],"version-history":[{"count":0,"href":"https:\/\/www.carballada.com\/wordpress\/wp-json\/wp\/v2\/posts\/1027\/revisions"}],"wp:attachment":[{"href":"https:\/\/www.carballada.com\/wordpress\/wp-json\/wp\/v2\/media?parent=1027"}],"wp:term":[{"taxonomy":"category","embeddable":true,"href":"https:\/\/www.carballada.com\/wordpress\/wp-json\/wp\/v2\/categories?post=1027"},{"taxonomy":"post_tag","embeddable":true,"href":"https:\/\/www.carballada.com\/wordpress\/wp-json\/wp\/v2\/tags?post=1027"}],"curies":[{"name":"wp","href":"https:\/\/api.w.org\/{rel}","templated":true}]}}