{"id":1113,"date":"2007-03-02T00:53:20","date_gmt":"2007-03-01T23:53:20","guid":{"rendered":"http:\/\/www.carballada.com\/2007\/03\/dia-sin-ordenador\/"},"modified":"2007-03-02T00:53:20","modified_gmt":"2007-03-01T23:53:20","slug":"dia-sin-ordenador","status":"publish","type":"post","link":"https:\/\/www.carballada.com\/wordpress\/2007\/03\/dia-sin-ordenador","title":{"rendered":"D\u00eda sin ordenador"},"content":{"rendered":"<p><a href=\"http:\/\/www.shutdownday.org\/?lng=es\" title=\"dia sin ordenador\"><img src=\"http:\/\/www.carballada.com\/wp-content\/uploads\/sin-ordenador.miniatura.jpg\" alt=\"Sin ordenador\" class=\"left\" \/><\/a>Pues en <a href=\"http:\/\/www.shutdownday.org\/?lng=es\">Shutdown Day<\/a> lo proponen.<\/p>\n<p>Se trata del pr\u00f3ximo <strong>24 de Marzo<\/strong>, s\u00e1bado.<\/p>\n<p>\u00bfPodr\u00e1s estar todo el d\u00eda sin encender el ordenador?<\/p>\n<p>Seguramente <strong>yo s\u00ed<\/strong>, es s\u00e1bado y me dedico a otras cosas f\u00e1cilmente.<\/p>\n<p>Lo que me resulta m\u00e1s dificil de creer es que todos hicieramos igual, empezando por los <em>controladores aereos<\/em>, la <em>polic\u00eda nacional<\/em>, las <em>tiendas<\/em>, los cines&#8230;.<\/p>\n<p>Creo que en el fondo es una parida, pero puede ser divertido apuntarse y comprobar si estas realmente <strong>enganchando <\/strong>o no.<\/p>\n<p><!--more-->Yo ya me apunt\u00e9 (\u00faltimamente me apunto a todo, jajaja) y soy el <em>veintiun mil y pico<\/em>, y sigue subiendo, apuntate, a ver a cuantos llegamos.<\/p>\n<p>En la misma web han preparado un <strong>terrible\/terror\u00edfico <\/strong>v\u00eddeo de las cosas que puedes hacer con el ordenador ese s\u00e1bado en lugar de encenderlo&#8230;.<\/p>\n<span class=\"vvqbox vvqyoutube\" style=\"width:490px;height:300px;\"><span id=\"vvq-1113-youtube-1\"><a href=\"http:\/\/www.youtube.com\/watch?v=Q8OMijrTVBU\"><img src=\"http:\/\/img.youtube.com\/vi\/Q8OMijrTVBU\/0.jpg\" alt=\"Imagen de previsualizaci\u00f3n de YouTube\" \/><\/a><\/span><\/span>\n<p>un poco pat\u00e9tico, gente aburrida creo, no se, tu m\u00edsmo, apuntate si te apetece apuntarte a algo&#8230;<\/p>\n<p><em>apuntarse por apuntarse<\/em><\/p>\n<p>via <a href=\"http:\/\/www.lamateporunyogur.net\/archivos\/2007\/02\/27\/shutdown-day-24-horas-sin-pc\/\" title=\"la mate por un yogur\">lamateporunyogur.net<\/a><\/p>\n","protected":false},"excerpt":{"rendered":"<p>Pues en Shutdown Day lo proponen. Se trata del pr\u00f3ximo 24 de Marzo, s\u00e1bado. \u00bfPodr\u00e1s estar todo el d\u00eda sin encender el ordenador? Seguramente yo s\u00ed, es s\u00e1bado y me dedico a otras cosas f\u00e1cilmente. Lo que me resulta m\u00e1s dificil de creer es que todos hicieramos igual, empezando por los controladores aereos, la polic\u00eda [&hellip;]<\/p>\n","protected":false},"author":6,"featured_media":0,"comment_status":"open","ping_status":"open","sticky":false,"template":"","format":"standard","meta":[],"categories":[4,5],"tags":[229,152,49],"geo":null,"_links":{"self":[{"href":"https:\/\/www.carballada.com\/wordpress\/wp-json\/wp\/v2\/posts\/1113"}],"collection":[{"href":"https:\/\/www.carballada.com\/wordpress\/wp-json\/wp\/v2\/posts"}],"about":[{"href":"https:\/\/www.carballada.com\/wordpress\/wp-json\/wp\/v2\/types\/post"}],"author":[{"embeddable":true,"href":"https:\/\/www.carballada.com\/wordpress\/wp-json\/wp\/v2\/users\/6"}],"replies":[{"embeddable":true,"href":"https:\/\/www.carballada.com\/wordpress\/wp-json\/wp\/v2\/comments?post=1113"}],"version-history":[{"count":0,"href":"https:\/\/www.carballada.com\/wordpress\/wp-json\/wp\/v2\/posts\/1113\/revisions"}],"wp:attachment":[{"href":"https:\/\/www.carballada.com\/wordpress\/wp-json\/wp\/v2\/media?parent=1113"}],"wp:term":[{"taxonomy":"category","embeddable":true,"href":"https:\/\/www.carballada.com\/wordpress\/wp-json\/wp\/v2\/categories?post=1113"},{"taxonomy":"post_tag","embeddable":true,"href":"https:\/\/www.carballada.com\/wordpress\/wp-json\/wp\/v2\/tags?post=1113"}],"curies":[{"name":"wp","href":"https:\/\/api.w.org\/{rel}","templated":true}]}}