{"id":1210,"date":"2007-04-02T17:22:18","date_gmt":"2007-04-02T15:22:18","guid":{"rendered":"http:\/\/www.carballada.com\/2007\/04\/la-cantonada\/"},"modified":"2007-04-02T17:22:18","modified_gmt":"2007-04-02T15:22:18","slug":"la-cantonada","status":"publish","type":"post","link":"https:\/\/www.carballada.com\/wordpress\/2007\/04\/la-cantonada","title":{"rendered":"La Cantonada"},"content":{"rendered":"<p><a href=\"http:\/\/www.carballada.com\/wp-content\/uploads\/la-cantonada.jpg\" title=\"La cantonada\"><img src=\"http:\/\/www.carballada.com\/wp-content\/uploads\/la-cantonada.miniatura.jpg\" alt=\"La cantonada\" class=\"left\" \/><\/a>Est\u00e1 en <strong>St. Cugat<\/strong>, cambiaron de sitio hace unos a\u00f1os, antes estaban en la misma plaza del <em>Monasterio <\/em>y ahora tienes que seguir caminando por la calle Santiago Rusi\u00f1ol para llegar al nuevo local.<\/p>\n<p>Es un sitio b\u00e1sicamente de <strong>creps y pasta<\/strong>, con unos postres caseros a base de pasteles bastante <em>espectaculares<\/em>.<\/p>\n<p>Tienen un comedor bastante amplio con capacidad para unos 15 mesas, mas o menos.<\/p>\n<p>Fuimos cuatro a cenar.<\/p>\n<p>De primeros para compartir una ensalada suprema (<strong>8\u20ac<\/strong>), un <em>surtido de pat\u00e9s<\/em> para dos personas (<strong>12\u20ac<\/strong>).<\/p>\n<p><!--more-->De segundos unos <em>espagueti bolo\u00f1esa<\/em> (6\u20ac), una lasa\u00f1a de carne (8\u20ac) y dos creps, un completo (6\u20ac) y un vegetariano (6,75\u20ac).<\/p>\n<p>Sangr\u00eda de cava (<strong>16\u20ac<\/strong>) al precio de vino reserva, agua y pastel de cocholate con nueces (5\u20ac).<\/p>\n<p>Todo por <strong>76\u20ac<\/strong>, unos <strong>19\u20ac <\/strong>por cabeza.<\/p>\n<p>Muy agradables, atentos y r\u00e1pidos.<\/p>\n<p>Se lleva un<\/p>\n<p><strong>Rating:<\/strong> <img src=\"http:\/\/www.carballada.com\/wordpress\/wp-content\/plugins\/star-rating-for-reviews\/images\/star.png\" alt=\"&#9733;\" \/><img src=\"http:\/\/www.carballada.com\/wordpress\/wp-content\/plugins\/star-rating-for-reviews\/images\/star.png\" alt=\"&#9733;\" \/><img src=\"http:\/\/www.carballada.com\/wordpress\/wp-content\/plugins\/star-rating-for-reviews\/images\/star.png\" alt=\"&#9733;\" \/><img src=\"http:\/\/www.carballada.com\/wordpress\/wp-content\/plugins\/star-rating-for-reviews\/images\/blankstar.png\" alt=\"&#9734;\" \/><img src=\"http:\/\/www.carballada.com\/wordpress\/wp-content\/plugins\/star-rating-for-reviews\/images\/blankstar.png\" alt=\"&#9734;\" \/><\/p>\n<p>Est\u00e1 en la plaza del Doctor Galtes de Sant Cugat, n\u00famero 5 y el tel\u00e9fono es el 93 589 23 32<\/p>\n","protected":false},"excerpt":{"rendered":"<p>Est\u00e1 en St. Cugat, cambiaron de sitio hace unos a\u00f1os, antes estaban en la misma plaza del Monasterio y ahora tienes que seguir caminando por la calle Santiago Rusi\u00f1ol para llegar al nuevo local. Es un sitio b\u00e1sicamente de creps y pasta, con unos postres caseros a base de pasteles bastante espectaculares. Tienen un comedor [&hellip;]<\/p>\n","protected":false},"author":6,"featured_media":0,"comment_status":"open","ping_status":"open","sticky":false,"template":"","format":"standard","meta":[],"categories":[30],"tags":[61,229,232],"geo":{"latitude":41.4711342,"longitude":2.079849,"description":null},"_links":{"self":[{"href":"https:\/\/www.carballada.com\/wordpress\/wp-json\/wp\/v2\/posts\/1210"}],"collection":[{"href":"https:\/\/www.carballada.com\/wordpress\/wp-json\/wp\/v2\/posts"}],"about":[{"href":"https:\/\/www.carballada.com\/wordpress\/wp-json\/wp\/v2\/types\/post"}],"author":[{"embeddable":true,"href":"https:\/\/www.carballada.com\/wordpress\/wp-json\/wp\/v2\/users\/6"}],"replies":[{"embeddable":true,"href":"https:\/\/www.carballada.com\/wordpress\/wp-json\/wp\/v2\/comments?post=1210"}],"version-history":[{"count":0,"href":"https:\/\/www.carballada.com\/wordpress\/wp-json\/wp\/v2\/posts\/1210\/revisions"}],"wp:attachment":[{"href":"https:\/\/www.carballada.com\/wordpress\/wp-json\/wp\/v2\/media?parent=1210"}],"wp:term":[{"taxonomy":"category","embeddable":true,"href":"https:\/\/www.carballada.com\/wordpress\/wp-json\/wp\/v2\/categories?post=1210"},{"taxonomy":"post_tag","embeddable":true,"href":"https:\/\/www.carballada.com\/wordpress\/wp-json\/wp\/v2\/tags?post=1210"}],"curies":[{"name":"wp","href":"https:\/\/api.w.org\/{rel}","templated":true}]}}