{"id":1383,"date":"2007-05-29T11:00:27","date_gmt":"2007-05-29T09:00:27","guid":{"rendered":"http:\/\/www.carballada.com\/2007\/05\/jean-ngor-maack\/"},"modified":"2009-01-26T15:28:55","modified_gmt":"2009-01-26T14:28:55","slug":"jean-ngor-maack","status":"publish","type":"post","link":"https:\/\/www.carballada.com\/wordpress\/2007\/05\/jean-ngor-maack","title":{"rendered":"Jean Ngor Maack"},"content":{"rendered":"<p><a title=\"Jean Ngor Maack\" href=\"http:\/\/www.carballada.com\/wp-content\/uploads\/jean.jpg\"><img class=\"left\" src=\"http:\/\/www.carballada.com\/wp-content\/uploads\/jean.thumbnail.jpg\" alt=\"Jean Ngor Maack\" \/><\/a><\/p>\n<p>Por una de esas cosas que pasan he conocido a este cantante <a title=\"Senegal en wiki\" href=\"http:\/\/es.wikipedia.org\/wiki\/Senegal\">Senegal\u00e9s<\/a>.<\/p>\n<p>Su \u00faltimo disco se titula <strong>Opportunity<\/strong>.<\/p>\n<p><strong>Jean Ngor Maack<\/strong> comenz\u00f3 su carrera art\u00edstica en su ciudad natal, en una compa\u00f1\u00eda de teatro.<\/p>\n<p>M\u00e1s tarde se march\u00f3 a <strong>Par\u00eds<\/strong> para estudiar en la <a title=\"Universidad Paris en wiki\" href=\"http:\/\/es.wikipedia.org\/wiki\/Universidad_de_Par%C3%ADs\">Universidad de Paris<\/a>.<\/p>\n<p>All\u00ed se encontr\u00f3 con la oportunidad de dedicarse <em>profesionalmente <\/em>a la m\u00fasica, conduciendo una banda como <em>vocalista<\/em>.<!--more--><\/p>\n<p><a title=\"Opportunity Jean Ngor Maack\" href=\"http:\/\/www.carballada.com\/wp-content\/uploads\/opportunity-jean-ngor-maack.jpg\"><img class=\"right\" src=\"http:\/\/www.carballada.com\/wp-content\/uploads\/opportunity-jean-ngor-maack.thumbnail.jpg\" alt=\"Opportunity Jean Ngor Maack\" \/><\/a><\/p>\n<p><strong>Jean<\/strong> hace poco actu\u00f3 en <a title=\"Luz de Gas\" href=\"http:\/\/www.luzdegas.com\/\">Luz de Gas<\/a> y el pasado <em>21 de Diciembre<\/em> en la <a title=\"sala apolo\" href=\"http:\/\/www.sala-apolo.com\/\">Sala Apolo<\/a> de Barcelona presentando su nuevo disco <strong> Opportunity.<\/strong><\/p>\n<p>Tiene una voz fuerte y profunda, con un marcado acento.<\/p>\n<p>En la segunda canci\u00f3n de su nuevo disco <strong>Mai Esperava<\/strong>, se atreve a cantar en catal\u00e1n&#8230;<\/p>\n<p>Ahora es f\u00e1cil acceder a la m\u00fasica de minor\u00edas, puedes comprar su disco <strong>Opportunity<\/strong> en la <strong>iTunes Store<\/strong> en <a title=\"iTunes Jean Maack\" href=\"http:\/\/phobos.apple.com\/WebObjects\/MZStore.woa\/wa\/viewArtist?id=208474173\">este link<\/a> por 9,99\u20ac.<\/p>\n<p>Seg\u00fan he podido encontrar en la red cuando lo definen a \u00e9l y a su nuevo disco, lo hacen con estas palabras:<\/p>\n<blockquote><p>11 canciones, recuerdos de la infancia, situaci\u00f3n actual de \u00c1frica y un llamamiento a este continente para que se ayude a s\u00ed mismo a salir adelante mediante el trabajo y encontrar su autoestima. Habla tambi\u00e9n de no olvidar los or\u00edgenes y lo qu\u00e9 significa la naturaleza.<\/p>\n<p><strong> Opportunity<\/strong> significa abrirse a estilos internacionales sin perder la esencia de la m\u00fasica africana. En este sentido, Jean no duda en mezclar ritmos -rock, pop, funk, blues, R&amp;B, \u2026- e idiomas -ingl\u00e9s, franc\u00e9s, wolof o serrere.<\/p><\/blockquote>\n<p>Os dejo un v\u00eddeo de una de sus actuaciones<\/p>\n<span class=\"vvqbox vvqyoutube\" style=\"width:490px;height:300px;\"><span id=\"vvq-1383-youtube-1\"><a href=\"http:\/\/www.youtube.com\/watch?v=-cmCikUm4sw\"><img src=\"http:\/\/img.youtube.com\/vi\/-cmCikUm4sw\/0.jpg\" alt=\"Imagen de previsualizaci\u00f3n de YouTube\" \/><\/a><\/span><\/span>\n<p>Si deseas contactar con su manager para conciertos o ampliar info lo puedes hacer en <a title=\"UniforceMusic\" href=\"http:\/\/uniforcemusic.com\">UniforceMusic.com<\/a><\/p>\n","protected":false},"excerpt":{"rendered":"<p>Por una de esas cosas que pasan he conocido a este cantante Senegal\u00e9s. Su \u00faltimo disco se titula Opportunity. Jean Ngor Maack comenz\u00f3 su carrera art\u00edstica en su ciudad natal, en una compa\u00f1\u00eda de teatro. M\u00e1s tarde se march\u00f3 a Par\u00eds para estudiar en la Universidad de Paris. All\u00ed se encontr\u00f3 con la oportunidad de [&hellip;]<\/p>\n","protected":false},"author":6,"featured_media":0,"comment_status":"open","ping_status":"open","sticky":false,"template":"","format":"standard","meta":[],"categories":[12],"tags":[174,68,235],"geo":null,"_links":{"self":[{"href":"https:\/\/www.carballada.com\/wordpress\/wp-json\/wp\/v2\/posts\/1383"}],"collection":[{"href":"https:\/\/www.carballada.com\/wordpress\/wp-json\/wp\/v2\/posts"}],"about":[{"href":"https:\/\/www.carballada.com\/wordpress\/wp-json\/wp\/v2\/types\/post"}],"author":[{"embeddable":true,"href":"https:\/\/www.carballada.com\/wordpress\/wp-json\/wp\/v2\/users\/6"}],"replies":[{"embeddable":true,"href":"https:\/\/www.carballada.com\/wordpress\/wp-json\/wp\/v2\/comments?post=1383"}],"version-history":[{"count":0,"href":"https:\/\/www.carballada.com\/wordpress\/wp-json\/wp\/v2\/posts\/1383\/revisions"}],"wp:attachment":[{"href":"https:\/\/www.carballada.com\/wordpress\/wp-json\/wp\/v2\/media?parent=1383"}],"wp:term":[{"taxonomy":"category","embeddable":true,"href":"https:\/\/www.carballada.com\/wordpress\/wp-json\/wp\/v2\/categories?post=1383"},{"taxonomy":"post_tag","embeddable":true,"href":"https:\/\/www.carballada.com\/wordpress\/wp-json\/wp\/v2\/tags?post=1383"}],"curies":[{"name":"wp","href":"https:\/\/api.w.org\/{rel}","templated":true}]}}