{"id":1483,"date":"2007-07-01T15:22:34","date_gmt":"2007-07-01T13:22:34","guid":{"rendered":"http:\/\/www.carballada.com\/2007\/07\/stay-en-fnac-triangle\/"},"modified":"2007-07-03T11:37:22","modified_gmt":"2007-07-03T09:37:22","slug":"stay-en-fnac-triangle","status":"publish","type":"post","link":"https:\/\/www.carballada.com\/wordpress\/2007\/07\/stay-en-fnac-triangle","title":{"rendered":"Stay en Fnac Triangle"},"content":{"rendered":"<p><a href=\"http:\/\/www.carballada.com\/wp-content\/uploads\/stay-en-la-fnac.jpg\" title=\"Stay en el Fnac Triangle\"><img src=\"http:\/\/www.carballada.com\/wp-content\/uploads\/stay-en-la-fnac.thumbnail.jpg\" alt=\"Stay en el Fnac Triangle\" class=\"left\" \/><\/a><\/p>\n<p>Ayer me d\u00ed una vuelta por el centro de <strong>Barcelona<\/strong>.<\/p>\n<p>Entr\u00e9 en la <strong>Fnac <\/strong>del <em>Triangle <\/em>a dar una vuelta y tomar un caf\u00e9&#8230; raro no es, costumbres <em>feas <\/em>que tiene uno.<\/p>\n<p>o bueno es que hab\u00eda un grupo <em>preparandose <\/em>en la peque\u00f1a sala que hay en la planta baja.<\/p>\n<p>Lo que o\u00eda me gustaba as\u00ed que mir\u00e9 el cartel, pon\u00eda:<br \/>\n<strong>Stay <\/strong>&#8216;<em>Things you cannot see<\/em>&#8216;, 19Horas.<\/p>\n<p>Faltaban unos minutos, as\u00ed que me tom\u00e9 una <em>t\u00f3nica <\/em>y me puse a esperar.<\/p>\n<p>Una de las mejores cosas que me pod\u00edan haber <strong>ocurrido<\/strong>.<br \/>\n<!--more--><br \/>\n<a href=\"http:\/\/www.carballada.com\/wp-content\/uploads\/jordi-bel-de-stay.JPG\" title=\"Jordi Bel de Stay\"><img src=\"http:\/\/www.carballada.com\/wp-content\/uploads\/jordi-bel-de-stay.thumbnail.JPG\" alt=\"Jordi Bel de Stay\" class=\"left\" \/><\/a><\/p>\n<p>Un concierto <strong>genial<\/strong>, un <em>descubrimiento <\/em>brutal.<\/p>\n<p>Me gustaron tanto que me qued\u00e9 todo el concierto y hasta he buscado algo m\u00e1s de info sobre ellos en la web.<\/p>\n<p>Su espacio msn es <a href=\"http:\/\/www.myspace.com\/staysongs\" title=\"stay en msn\">Staysongs<\/a>, hablan de ellos en <a href=\"http:\/\/www.dock-land.com\/WebDock\/Producto.asp?Id=7963&amp;IdMenu=92\" title=\"stay en dock\">Dock<\/a> y en <a href=\"http:\/\/mundomusical.info\/noticias\/?op=article&amp;sid=870\" title=\"stay en mundomusical\">Mundomusical<\/a>.<\/p>\n<p>Los denominan <strong>banda indie-pop <\/strong>barcelonesa formada en <em>Barcelona <\/em>en el <strong>1998<\/strong>.<\/p>\n<p>Con dos discos, <em>Starting to lose control<\/em> (2006 Wild Thing Records) y <em>Things you cannot see<\/em> (2007 Wild Thing Records).<\/p>\n<p>Os dejo un v\u00eddeo de una de sus canciones, la m\u00e1s m\u00edstica, utilizando el <a href=\"http:\/\/es.wikipedia.org\/wiki\/Sitar\" title=\"sitar en wiki\">sitar<\/a>.<\/p>\n<span class=\"vvqbox vvqyoutube\" style=\"width:490px;height:300px;\"><span id=\"vvq-1483-youtube-1\"><a href=\"http:\/\/www.youtube.com\/watch?v=wY8RYTp9Gnk\"><img src=\"http:\/\/img.youtube.com\/vi\/wY8RYTp9Gnk\/0.jpg\" alt=\"Imagen de previsualizaci\u00f3n de YouTube\" \/><\/a><\/span><\/span>\n<p>Resumiendo, tienen un directo <strong>muy bueno<\/strong>, y sus canciones me gustan mucho.<\/p>\n<p>Tengo que <strong>conseguir <\/strong>sus discos.<\/p>\n<p>Se llevan un<\/p>\n<p><strong>Rating:<\/strong> <img src=\"http:\/\/www.carballada.com\/wordpress\/wp-content\/plugins\/star-rating-for-reviews\/images\/star.png\" alt=\"&#9733;\" \/><img src=\"http:\/\/www.carballada.com\/wordpress\/wp-content\/plugins\/star-rating-for-reviews\/images\/star.png\" alt=\"&#9733;\" \/><img src=\"http:\/\/www.carballada.com\/wordpress\/wp-content\/plugins\/star-rating-for-reviews\/images\/star.png\" alt=\"&#9733;\" \/><img src=\"http:\/\/www.carballada.com\/wordpress\/wp-content\/plugins\/star-rating-for-reviews\/images\/halfstar.png\" alt=\"&frac12;\" \/><img src=\"http:\/\/www.carballada.com\/wordpress\/wp-content\/plugins\/star-rating-for-reviews\/images\/blankstar.png\" alt=\"&#9734;\" \/><\/p>\n<p>Su p\u00e1gina web es <a href=\"http:\/\/www.staysongs.com\" title=\"stay\">staysongs.com<\/a><\/p>\n","protected":false},"excerpt":{"rendered":"<p>Ayer me d\u00ed una vuelta por el centro de Barcelona. Entr\u00e9 en la Fnac del Triangle a dar una vuelta y tomar un caf\u00e9&#8230; raro no es, costumbres feas que tiene uno. o bueno es que hab\u00eda un grupo preparandose en la peque\u00f1a sala que hay en la planta baja. Lo que o\u00eda me gustaba [&hellip;]<\/p>\n","protected":false},"author":6,"featured_media":0,"comment_status":"open","ping_status":"open","sticky":false,"template":"","format":"standard","meta":[],"categories":[12],"tags":[174,235],"geo":{"latitude":41.3863869,"longitude":2.169317,"description":null},"_links":{"self":[{"href":"https:\/\/www.carballada.com\/wordpress\/wp-json\/wp\/v2\/posts\/1483"}],"collection":[{"href":"https:\/\/www.carballada.com\/wordpress\/wp-json\/wp\/v2\/posts"}],"about":[{"href":"https:\/\/www.carballada.com\/wordpress\/wp-json\/wp\/v2\/types\/post"}],"author":[{"embeddable":true,"href":"https:\/\/www.carballada.com\/wordpress\/wp-json\/wp\/v2\/users\/6"}],"replies":[{"embeddable":true,"href":"https:\/\/www.carballada.com\/wordpress\/wp-json\/wp\/v2\/comments?post=1483"}],"version-history":[{"count":0,"href":"https:\/\/www.carballada.com\/wordpress\/wp-json\/wp\/v2\/posts\/1483\/revisions"}],"wp:attachment":[{"href":"https:\/\/www.carballada.com\/wordpress\/wp-json\/wp\/v2\/media?parent=1483"}],"wp:term":[{"taxonomy":"category","embeddable":true,"href":"https:\/\/www.carballada.com\/wordpress\/wp-json\/wp\/v2\/categories?post=1483"},{"taxonomy":"post_tag","embeddable":true,"href":"https:\/\/www.carballada.com\/wordpress\/wp-json\/wp\/v2\/tags?post=1483"}],"curies":[{"name":"wp","href":"https:\/\/api.w.org\/{rel}","templated":true}]}}