{"id":1693,"date":"2007-08-30T20:59:05","date_gmt":"2007-08-30T18:59:05","guid":{"rendered":"http:\/\/www.carballada.com\/2007\/08\/vendo-mi-canon-350d\/"},"modified":"2007-09-16T20:59:23","modified_gmt":"2007-09-16T18:59:23","slug":"vendo-mi-canon-350d","status":"publish","type":"post","link":"https:\/\/www.carballada.com\/wordpress\/2007\/08\/vendo-mi-canon-350d","title":{"rendered":"Vendo mi Canon 350D"},"content":{"rendered":"<p><a href=\"http:\/\/www.carballada.com\/wp-content\/uploads\/canon-350d-todo-el-equipo-montado-2.jpg\" title=\"Canon 350D a la venta con todo el equipo\"><img src=\"http:\/\/www.carballada.com\/wp-content\/uploads\/canon-350d-todo-el-equipo-montado-2.thumbnail.jpg\" alt=\"Canon 350D a la venta con todo el equipo\" class=\"left\" \/><\/a><\/p>\n<p>Pues eso, que despu\u00e9s de estar conmigo haciendo un mont\u00f3n de fotos y muy <em>resultonas <\/em>por cierto, pongo a la venta mi c\u00e1mara <a href=\"http:\/\/www.dpreview.com\/reviews\/canoneos350d\/\" title=\"canon 350d review\">Canon EOS 350D<\/a> y <strong>todo el equipo<\/strong>.<\/p>\n<p>Y es que se acaba de anunciar <a href=\"http:\/\/www.dpreview.com\/news\/0708\/07082010canoneos40d.asp\" title=\"canon 40D\">la nueva<\/a> <strong>Canon 40D<\/strong> y quiero cambiar de <strong>categor\u00eda<\/strong>.<\/p>\n<p>El modelo <a href=\"http:\/\/www.dpreview.com\/reviews\/canoneos350d\/\" title=\"canon 350d review\">EOS 350D<\/a> que pongo a la venta es de la gama de entrada de <strong>Canon<\/strong>, junto con la <strong>400D<\/strong> forman parte de las <em>reflex digitales<\/em> m\u00e1s econ\u00f3micas para el aficionado.<\/p>\n<p>La <em>siguiente <\/em>categor\u00eda de<strong> aficionado avanzado<\/strong> est\u00e1 formada por la <strong>30D <\/strong>y la reci\u00e9n anunciada <a href=\"http:\/\/www.dpreview.com\/news\/0708\/07082010canoneos40d.asp\" title=\"canon 40D\">40D<\/a> . El que se acabe de anunciar la nueva <a href=\"http:\/\/www.dpreview.com\/news\/0708\/07082010canoneos40d.asp\" title=\"canon 40D\">40D<\/a>  me ha decidido a cambiar de <strong>liga<\/strong>.<\/p>\n<p><!--more--><strong>Canon <\/strong>lo tiene claro y tiene muy <em>segmentado <\/em>sus productos, cada categor\u00eda <strong>duplica <\/strong>el precio de la anterior, jajajaja.<\/p>\n<p><a href=\"http:\/\/www.carballada.com\/wp-content\/uploads\/canon-350d-todo-el-equipo.jpg\" title=\"Canon 350D a la venta con todo el equipo\"><img src=\"http:\/\/www.carballada.com\/wp-content\/uploads\/canon-350d-todo-el-equipo.thumbnail.jpg\" alt=\"Canon 350D a la venta con todo el equipo\" class=\"right\" \/><\/a><\/p>\n<p>En fin, no contar\u00e9 mucho m\u00e1s de la <a href=\"http:\/\/www.dpreview.com\/reviews\/canoneos350d\/\" title=\"canon 350d review\">Canon 350D<\/a>, es una <em>pasada<\/em>, es muy muy <em>r\u00e1pida <\/em>en el encendido (<strong>0,3 seg.<\/strong>), en hacer las fotos, en r\u00e1faga (<strong>3fps<\/strong>.)&#8230;.. y eso es una de las principales diferencias con cualquier compacta que tarda <em>2 segundos<\/em> entre tomas o <em>cinco <\/em>en arrancar.<\/p>\n<p>Poder captar el <em>momento <\/em>en el <em>momento <\/em>que tu quieres.<\/p>\n<p>Todo lo dem\u00e1s: las <em>opticas intercambiables<\/em>, la sensaci\u00f3n de <a href=\"http:\/\/es.wikipedia.org\/wiki\/C%C3%A1mara_r%C3%A9flex\" title=\"camara reflex en wiki\">c\u00e1mara <em>reflex <\/em><\/a>de siempre, la calidad de las fotos, est\u00e1n bien, pero para m\u00ed la <strong>velocidad <\/strong>es lo m\u00e1s bestial.<\/p>\n<p>Y vendo todo el pack: <font face=\"Arial, Helvetica, sans-serif\"><span style=\"font-family: Arial\"><\/span><\/font><\/p>\n<ul>\n<li><font face=\"Arial, Helvetica, sans-serif\"><span style=\"font-family: Arial\">C\u00e1mara digital <\/span><span style=\"font-weight: bold\">Canon EOS 350D<\/span> <\/font><\/li>\n<li><font face=\"Arial, Helvetica, sans-serif\">Objetivo <span style=\"font-weight: bold\">EFS 18-55 II<\/span><\/font><\/li>\n<li><font face=\"Arial, Helvetica, sans-serif\">Grid empu\u00f1adura <span style=\"font-weight: bold\">Canon BG E3<\/span><\/font><\/li>\n<li><font face=\"Arial, Helvetica, sans-serif\">Tres bater\u00edas <span style=\"font-weight: bold\">NB2LH<\/span> <\/font><\/li>\n<li><font face=\"Arial, Helvetica, sans-serif\">Filtro <span style=\"font-weight: bold\">Hama<\/span><\/font><\/li>\n<li><font face=\"Arial, Helvetica, sans-serif\">Memoria CF <span style=\"font-weight: bold\">Sandisk Extreme III 1GB<\/span><\/font><\/li>\n<li><font face=\"Arial, Helvetica, sans-serif\">Cargador de bater\u00edas Canon<\/font><\/li>\n<li><font face=\"Arial, Helvetica, sans-serif\">Bolsa <span style=\"font-weight: bold\">CaseLogic<\/span>, manuales, cd de soft y cajas originales y dvd<\/font><\/li>\n<\/ul>\n<p><a href=\"http:\/\/www.carballada.com\/wp-content\/uploads\/canon-350d.jpg\" title=\"Canon 350D a la venta con todo el equipo\"><img src=\"http:\/\/www.carballada.com\/wp-content\/uploads\/canon-350d.thumbnail.jpg\" alt=\"Canon 350D a la venta con todo el equipo\" class=\"left\" \/><\/a><\/p>\n<p>La empu\u00f1adura <strong>BGE3 <\/strong>es un gusto, permite hacer fotos verticales sin dificultad al llevar toda la <strong>botonera <\/strong>replicada en la parte superior, tambi\u00e9n permite alimentar la c\u00e1mara con <strong>dos <\/strong>bater\u00edas en lugar de una o en caso de emergencia utilizar <strong>pilas <\/strong>normales. Adem\u00e1s le confiere un tama\u00f1o mucho m\u00e1s adecuado a todo el conjunto.<\/p>\n<p>La bolsa es una <strong>CaseLogic<\/strong> perfecta para alojar todo este equipo, resulta muy peque\u00f1a.<\/p>\n<p>Es importante que la tarjeta de memoria sea una <strong>Sandisk Extreme III<\/strong> de 1GB, es la que ha demostrado en las pruebas ser la m\u00e1s <em>r\u00e1pida <\/em>y permitir un flujo alto de grabaci\u00f3n como para estar a la altura de la <em>c\u00e1mara<\/em>.<\/p>\n<p>Todos los accesorios suman un importe <strong>ACTUAL <\/strong>(<em>precios de tiendas internet, mas baratas, a fecha de hoy<\/em>) de unos <strong>930\u20ac<\/strong>.<\/p>\n<p>El detalle de esa cifra es:<\/p>\n<ul>\n<li><a href=\"http:\/\/cgi.ebay.es\/ws\/eBayISAPI.dll?ViewItem&amp;rd=1&amp;item=110164789737&amp;ssPageName=STRK:MESC:IT&amp;ih=001\"><\/a>camara    585 \u20ac<\/li>\n<li>grid    130 \u20ac<\/li>\n<li>bolsa    55 \u20ac<\/li>\n<li>memoria    50 \u20ac<\/li>\n<li>baterias    110 \u20ac<\/li>\n<\/ul>\n<p>y todo esto est\u00e1 a la venta en <strong>EBAY<\/strong>, puedes pinchar en la siguiente imagen<\/p>\n<p><img src=\"http:\/\/www.carballada.com\/wp-content\/uploads\/anuncio-ebay.jpg\" alt=\"Anuncio ebay canon 350d\" class=\"middle\" \/><\/p>\n<p><strong>UPDATE 14\/09<\/strong>: Vendida&#8230;..<\/p>\n","protected":false},"excerpt":{"rendered":"<p>Pues eso, que despu\u00e9s de estar conmigo haciendo un mont\u00f3n de fotos y muy resultonas por cierto, pongo a la venta mi c\u00e1mara Canon EOS 350D y todo el equipo. Y es que se acaba de anunciar la nueva Canon 40D y quiero cambiar de categor\u00eda. El modelo EOS 350D que pongo a la venta [&hellip;]<\/p>\n","protected":false},"author":6,"featured_media":0,"comment_status":"open","ping_status":"open","sticky":false,"template":"","format":"standard","meta":[],"categories":[21,15,10],"tags":[80,158,46,56],"geo":null,"_links":{"self":[{"href":"https:\/\/www.carballada.com\/wordpress\/wp-json\/wp\/v2\/posts\/1693"}],"collection":[{"href":"https:\/\/www.carballada.com\/wordpress\/wp-json\/wp\/v2\/posts"}],"about":[{"href":"https:\/\/www.carballada.com\/wordpress\/wp-json\/wp\/v2\/types\/post"}],"author":[{"embeddable":true,"href":"https:\/\/www.carballada.com\/wordpress\/wp-json\/wp\/v2\/users\/6"}],"replies":[{"embeddable":true,"href":"https:\/\/www.carballada.com\/wordpress\/wp-json\/wp\/v2\/comments?post=1693"}],"version-history":[{"count":0,"href":"https:\/\/www.carballada.com\/wordpress\/wp-json\/wp\/v2\/posts\/1693\/revisions"}],"wp:attachment":[{"href":"https:\/\/www.carballada.com\/wordpress\/wp-json\/wp\/v2\/media?parent=1693"}],"wp:term":[{"taxonomy":"category","embeddable":true,"href":"https:\/\/www.carballada.com\/wordpress\/wp-json\/wp\/v2\/categories?post=1693"},{"taxonomy":"post_tag","embeddable":true,"href":"https:\/\/www.carballada.com\/wordpress\/wp-json\/wp\/v2\/tags?post=1693"}],"curies":[{"name":"wp","href":"https:\/\/api.w.org\/{rel}","templated":true}]}}