{"id":2194,"date":"2008-02-18T17:20:50","date_gmt":"2008-02-18T16:20:50","guid":{"rendered":"http:\/\/www.carballada.com\/2008\/02\/waldwirtschaft"},"modified":"2008-02-18T17:20:50","modified_gmt":"2008-02-18T16:20:50","slug":"waldwirtschaft","status":"publish","type":"post","link":"https:\/\/www.carballada.com\/wordpress\/2008\/02\/waldwirtschaft","title":{"rendered":"Waldwirtschaft"},"content":{"rendered":"<p><a href=\"http:\/\/www.carballada.com\/wp-content\/uploads\/waldwirtschaft.jpg\" title=\"Waldwirtschaft\"><img src=\"http:\/\/www.carballada.com\/wp-content\/uploads\/waldwirtschaft.thumbnail.jpg\" alt=\"Waldwirtschaft\" class=\"left\" \/><\/a><\/p>\n<p>T\u00edpico restaurante <strong>B\u00e1varo <\/strong>al sur de <a href=\"http:\/\/es.wikipedia.org\/wiki\/M%C3%BAnich\" title=\"munich en wiki\">Munich<\/a>.<\/p>\n<p>La decoraci\u00f3n es muy <em>r\u00fastica<\/em>, con mucha <em>madera <\/em>y mucha cortina de cuadrados azules.<\/p>\n<p>Es una casa muy grande con un patio delantero tipo <em>merendero<\/em>, tienen muchas mesas en el exterior y en verano se llenan de gente.<\/p>\n<p>El comedor interior es de unas <strong>50 <\/strong>personas.<\/p>\n<p>Es bastante <em>normal <\/em>en mi empresa que  cuando estamos de visita por motivos de <em>trabajo <\/em>por all\u00ed nos lleven a cenar a este <strong>restaurante<\/strong>.<\/p>\n<p><!--more-->Es tan <em>normal <\/em>que incluso se puede notar en el detalle de que las <em>jarras de cerveza<\/em> tienen el logotipo de mi empresa <strong>grabado <\/strong>en la tapa.<\/p>\n<p><a href=\"http:\/\/www.carballada.com\/wp-content\/uploads\/waldwirtschaft-jarra.jpg\" title=\"Waldwirtschaft, detalle de la jarra de cerveza\"><img src=\"http:\/\/www.carballada.com\/wp-content\/uploads\/waldwirtschaft-jarra.thumbnail.jpg\" alt=\"Waldwirtschaft, detalle de la jarra de cerveza\" class=\"left\" \/><\/a><\/p>\n<p>Es decir, tenemos <strong>jarras de cristal<\/strong> para la cerveza que est\u00e1n <em>personalizadas<\/em>&#8230;..<\/p>\n<p>Cenamos unas <strong>ocho <\/strong>personas. Pero <em>solamente <\/em>pude controlar los platos de otra persona m\u00e1s y los m\u00edos.<\/p>\n<p>De primeros <em>Knuspriger Schweinsbraten vom Hofgut Schwaige mit  Speckkrautsalat, Semmelkn\u00f6del und geriebenem Kartoffelkn\u00f6del<\/em>, algo as\u00ed como una ensalada con tropezones  (12 \u20ac) y un <em>carpaccio von der bayerischen Ochsenlende mit Wawi Tr\u00fcffelso\u00dfe und gehobeltem Parmesan<\/em> (11 \u20ac).<\/p>\n<p>De segundos, dos <em>Knuspriger Schweinsbraten vom Hofgut Schwaige mit  Speckkrautsalat, Semmelkn\u00f6del und geriebenem Kartoffelkn\u00f6del<\/em> , un plato t\u00edpico b\u00e1varo con cerdo asado crujiente&#8230;.. (12 \u20ac)<\/p>\n<p>La cena puede salir por unos <strong>50\u20ac <\/strong>por persona.<\/p>\n<p>Se lleva un<\/p>\n<p><strong>Rating:<\/strong> <img src=\"http:\/\/www.carballada.com\/wordpress\/wp-content\/plugins\/star-rating-for-reviews\/images\/star.png\" alt=\"&#9733;\" \/><img src=\"http:\/\/www.carballada.com\/wordpress\/wp-content\/plugins\/star-rating-for-reviews\/images\/star.png\" alt=\"&#9733;\" \/><img src=\"http:\/\/www.carballada.com\/wordpress\/wp-content\/plugins\/star-rating-for-reviews\/images\/star.png\" alt=\"&#9733;\" \/><img src=\"http:\/\/www.carballada.com\/wordpress\/wp-content\/plugins\/star-rating-for-reviews\/images\/halfstar.png\" alt=\"&frac12;\" \/><img src=\"http:\/\/www.carballada.com\/wordpress\/wp-content\/plugins\/star-rating-for-reviews\/images\/blankstar.png\" alt=\"&#9734;\" \/><\/p>\n<p>El restaurante <strong>Waldwirtschaft <\/strong>est\u00e1 en la calle <em>Georg Kalb<\/em> n\u00famero 3 de Munich y el tel\u00e9fono es el 089\/ 74 99 40 30<\/p>\n<p>Su p\u00e1gina web es <a href=\"http:\/\/waldwirtschaft.de\/\" title=\"waldwirtschaft\">waldwirtschaft.de<\/a><\/p>\n","protected":false},"excerpt":{"rendered":"<p>T\u00edpico restaurante B\u00e1varo al sur de Munich. La decoraci\u00f3n es muy r\u00fastica, con mucha madera y mucha cortina de cuadrados azules. Es una casa muy grande con un patio delantero tipo merendero, tienen muchas mesas en el exterior y en verano se llenan de gente. El comedor interior es de unas 50 personas. Es bastante [&hellip;]<\/p>\n","protected":false},"author":6,"featured_media":0,"comment_status":"open","ping_status":"open","sticky":false,"template":"","format":"standard","meta":[],"categories":[27],"tags":[61,229,232],"geo":{"latitude":48.0703697,"longitude":11.5361919,"description":null},"_links":{"self":[{"href":"https:\/\/www.carballada.com\/wordpress\/wp-json\/wp\/v2\/posts\/2194"}],"collection":[{"href":"https:\/\/www.carballada.com\/wordpress\/wp-json\/wp\/v2\/posts"}],"about":[{"href":"https:\/\/www.carballada.com\/wordpress\/wp-json\/wp\/v2\/types\/post"}],"author":[{"embeddable":true,"href":"https:\/\/www.carballada.com\/wordpress\/wp-json\/wp\/v2\/users\/6"}],"replies":[{"embeddable":true,"href":"https:\/\/www.carballada.com\/wordpress\/wp-json\/wp\/v2\/comments?post=2194"}],"version-history":[{"count":0,"href":"https:\/\/www.carballada.com\/wordpress\/wp-json\/wp\/v2\/posts\/2194\/revisions"}],"wp:attachment":[{"href":"https:\/\/www.carballada.com\/wordpress\/wp-json\/wp\/v2\/media?parent=2194"}],"wp:term":[{"taxonomy":"category","embeddable":true,"href":"https:\/\/www.carballada.com\/wordpress\/wp-json\/wp\/v2\/categories?post=2194"},{"taxonomy":"post_tag","embeddable":true,"href":"https:\/\/www.carballada.com\/wordpress\/wp-json\/wp\/v2\/tags?post=2194"}],"curies":[{"name":"wp","href":"https:\/\/api.w.org\/{rel}","templated":true}]}}