{"id":2358,"date":"2008-04-30T00:07:49","date_gmt":"2008-04-29T22:07:49","guid":{"rendered":"http:\/\/www.carballada.com\/2008\/04\/elisabeth-la-edad-de-oro"},"modified":"2008-06-26T12:20:22","modified_gmt":"2008-06-26T10:20:22","slug":"elisabeth-la-edad-de-oro","status":"publish","type":"post","link":"https:\/\/www.carballada.com\/wordpress\/2008\/04\/elisabeth-la-edad-de-oro","title":{"rendered":"Elisabeth: La Edad de Oro"},"content":{"rendered":"<p><a title=\"elisabeth la edad de oro car\u00e1tula\" href=\"http:\/\/www.carballada.com\/wp-content\/uploads\/elisabeth-la-edad-de-oro.jpg\"><img class=\"left\" src=\"http:\/\/www.carballada.com\/wp-content\/uploads\/elisabeth-la-edad-de-oro.thumbnail.jpg\" alt=\"elisabeth la edad de oro car\u00e1tula\" \/><\/a><\/p>\n<p>Ufff, que cosa m\u00e1s <strong>mala<\/strong>.<\/p>\n<p>Mira que la protagonista es <a href=\"http:\/\/spanish.imdb.com\/name\/nm0000949\/\">Cate Blanchett<\/a> y ella es una actriz que me <strong>encanta<\/strong>.<\/p>\n<p>Creo que solamente su <em>interpretaci\u00f3n<\/em> se puede salvar, es <em>cre\u00edble<\/em>, dram\u00e1tica cuando tiene que serlo, no sobre act\u00faa y adem\u00e1s tiene esa <strong>belleza <\/strong>extra\u00f1a que cuesta tanto <em>definir<\/em>.<\/p>\n<p>Pero la pel\u00edcula no se puede coger por <em>ning\u00fan<\/em> lado.<\/p>\n<p>El otro protagonista es un cada vez m\u00e1s <em>est\u00fapido<\/em> <a href=\"http:\/\/spanish.imdb.com\/name\/nm0654110\/\">Clive Owen<\/a>.<\/p>\n<p>No hace mucho que ya lo pude ver en uno de sus \u00faltimos <strong>bodrios<\/strong>: <a title=\"Permalink a 'Shoot \u2018Em Up'\" rel=\"bookmark\" href=\"http:\/\/www.carballada.com\/2008\/04\/shoot-em-up\">Shoot \u2018Em Up<\/a>.<\/p>\n<p>Del gui\u00f3n o de la trama de <strong>Elisabeth<\/strong>, no puedo decir nada bueno tampoco.<\/p>\n<p><!--more-->Tampoco no tengo que a\u00f1adir nada de la falta de <em>rigurosidad<\/em> hist\u00f3rica o del <strong>partidismo<\/strong> y poca <em>verg\u00fcenza<\/em> a la hora de contar las cosas&#8230;.<\/p>\n<p>Tampoco lo hace nada mal <a href=\"http:\/\/spanish.imdb.com\/name\/nm0001691\/\">Geoffrey Rush<\/a>.<\/p>\n<p>En general la historia es una <em>porquer\u00eda<\/em>, no es ni una pel\u00edcula <em>hist\u00f3rica<\/em>, ni un <em>drama<\/em>, ni una historia de amor, ni nada de nada.<\/p>\n<p>Bueno s\u00ed: en mi opini\u00f3n,\u00a0una <em>porquer\u00eda<\/em>.<\/p>\n<p>El t\u00edtulo es tan largo al ser una <em>secuela<\/em>, la <em>primera<\/em> era simplemente <a href=\"http:\/\/www.imdb.com\/title\/tt0127536\/\">Elizabeth<\/a> y era del <strong>98<\/strong> con <a href=\"http:\/\/spanish.imdb.com\/name\/nm0000949\/\">Cate Blanchett<\/a> haciendo tambi\u00e9n de <em>protagonista<\/em> y <strong>diez<\/strong> a\u00f1os m\u00e1s joven.<\/p>\n<p>Se lleva un<\/p>\n<p><strong>Rating:<\/strong> <img src=\"http:\/\/www.carballada.com\/wordpress\/wp-content\/plugins\/star-rating-for-reviews\/images\/halfstar.png\" alt=\"&frac12;\" \/><img src=\"http:\/\/www.carballada.com\/wordpress\/wp-content\/plugins\/star-rating-for-reviews\/images\/blankstar.png\" alt=\"&#9734;\" \/><img src=\"http:\/\/www.carballada.com\/wordpress\/wp-content\/plugins\/star-rating-for-reviews\/images\/blankstar.png\" alt=\"&#9734;\" \/><img src=\"http:\/\/www.carballada.com\/wordpress\/wp-content\/plugins\/star-rating-for-reviews\/images\/blankstar.png\" alt=\"&#9734;\" \/><img src=\"http:\/\/www.carballada.com\/wordpress\/wp-content\/plugins\/star-rating-for-reviews\/images\/blankstar.png\" alt=\"&#9734;\" \/><\/p>\n<p>Si alguien se quiere arriesgar, dejo el acceso a un <strong>elink<\/strong> perfecto en calidad <strong>dvdrip<\/strong> y sonido <em>AC3 5.1 <\/em>de la gente de <strong>legioequestris<\/strong>.<\/p>\n<p><a href=\"http:\/\/www.carballada.com\/disclaimer?elink=|file|Elisabeth.(La.Edad.de.Oro).-.XviD.DVDRip.(720x384).-.AC3.5.1.(ESP).-.QLT.(legioequestris.com).avi|1525526528|B2800BCADB5A0BE57558178F2A8A1735|h=YVJQN2NWXLIRD4AAI4WFPY6SWKVHQMEQ|\/\">Elisabeth.(La.Edad.de.Oro).-.XviD.DVDRip<\/a><\/p>\n<p>Otra car\u00e1tula, la original en ingl\u00e9s<\/p>\n<p><a title=\"Elisabeth: La Edad de Oro car\u00e1tula\" href=\"http:\/\/www.carballada.com\/wp-content\/uploads\/elisabeth-la-edad-de-oro-v2.jpg\"><img class=\"left\" src=\"http:\/\/www.carballada.com\/wp-content\/uploads\/elisabeth-la-edad-de-oro-v2.thumbnail.jpg\" alt=\"Elisabeth: La Edad de Oro car\u00e1tula\" \/><\/a><\/p>\n","protected":false},"excerpt":{"rendered":"<p>Ufff, que cosa m\u00e1s mala. Mira que la protagonista es Cate Blanchett y ella es una actriz que me encanta. Creo que solamente su interpretaci\u00f3n se puede salvar, es cre\u00edble, dram\u00e1tica cuando tiene que serlo, no sobre act\u00faa y adem\u00e1s tiene esa belleza extra\u00f1a que cuesta tanto definir. Pero la pel\u00edcula no se puede coger [&hellip;]<\/p>\n","protected":false},"author":6,"featured_media":0,"comment_status":"open","ping_status":"open","sticky":false,"template":"","format":"standard","meta":[],"categories":[44],"tags":[234,96,173,229,230],"geo":null,"_links":{"self":[{"href":"https:\/\/www.carballada.com\/wordpress\/wp-json\/wp\/v2\/posts\/2358"}],"collection":[{"href":"https:\/\/www.carballada.com\/wordpress\/wp-json\/wp\/v2\/posts"}],"about":[{"href":"https:\/\/www.carballada.com\/wordpress\/wp-json\/wp\/v2\/types\/post"}],"author":[{"embeddable":true,"href":"https:\/\/www.carballada.com\/wordpress\/wp-json\/wp\/v2\/users\/6"}],"replies":[{"embeddable":true,"href":"https:\/\/www.carballada.com\/wordpress\/wp-json\/wp\/v2\/comments?post=2358"}],"version-history":[{"count":0,"href":"https:\/\/www.carballada.com\/wordpress\/wp-json\/wp\/v2\/posts\/2358\/revisions"}],"wp:attachment":[{"href":"https:\/\/www.carballada.com\/wordpress\/wp-json\/wp\/v2\/media?parent=2358"}],"wp:term":[{"taxonomy":"category","embeddable":true,"href":"https:\/\/www.carballada.com\/wordpress\/wp-json\/wp\/v2\/categories?post=2358"},{"taxonomy":"post_tag","embeddable":true,"href":"https:\/\/www.carballada.com\/wordpress\/wp-json\/wp\/v2\/tags?post=2358"}],"curies":[{"name":"wp","href":"https:\/\/api.w.org\/{rel}","templated":true}]}}