{"id":2421,"date":"2008-05-26T00:07:34","date_gmt":"2008-05-25T22:07:34","guid":{"rendered":"http:\/\/www.carballada.com\/?p=2421"},"modified":"2008-05-26T00:08:11","modified_gmt":"2008-05-25T22:08:11","slug":"noches-de-monologos","status":"publish","type":"post","link":"https:\/\/www.carballada.com\/wordpress\/2008\/05\/noches-de-monologos","title":{"rendered":"+ Noches de Mon\u00f3logos"},"content":{"rendered":"<p><a href=\"http:\/\/www.carballada.com\/wp-content\/uploads\/noches-de-monologos.jpg\"><img loading=\"lazy\" class=\"alignleft size-thumbnail wp-image-2422\" title=\"+ noches de monologos\" src=\"http:\/\/www.carballada.com\/wp-content\/uploads\/noches-de-monologos-106x128.jpg\" alt=\"\" width=\"106\" height=\"128\" srcset=\"https:\/\/www.carballada.com\/wordpress\/wp-content\/uploads\/noches-de-monologos-106x128.jpg 106w, https:\/\/www.carballada.com\/wordpress\/wp-content\/uploads\/noches-de-monologos-249x300.jpg 249w, https:\/\/www.carballada.com\/wordpress\/wp-content\/uploads\/noches-de-monologos.jpg 461w\" sizes=\"(max-width: 106px) 100vw, 106px\" \/><\/a>En el <a title=\"teatreneu\" href=\"http:\/\/www.teatreneu.com\/\">Teatreneu<\/a> cada s\u00e1bado est\u00e1 <a title=\"jonathan vives\" href=\"http:\/\/www.jonathanvives.com\/\">Jonathan Vives<\/a> con su espect\u00e1culo &#8216;<strong><em>+ noches de mon\u00f3logos<\/em><\/strong>&#8216;.<\/p>\n<p>Y este <strong>s\u00e1bado <\/strong>pasado fui a verlos.<\/p>\n<p>Como invitados estuvieron <strong>Alvaro Carrero<\/strong> y <strong>Tom\u00e1s Garc\u00eda<\/strong>.<\/p>\n<p>Era una noche <em>extra\u00f1a<\/em>, era evidente que casi todo el mundo estaba pendiente de la televisi\u00f3n y de  <strong>Rodolfo Chikilicuatre<\/strong> y de esa maravillosa edici\u00f3n de <strong>Eurovisi\u00f3n 2008<\/strong>.<\/p>\n<p>Y eso se notaba en el <strong>teatro<\/strong> y en la <em>calle<\/em>, en la <em>cena <\/em>y en la poca gente que se ve\u00eda.<\/p>\n<p>Si creo que hasta lo dijo<strong> Tom\u00e1s Garc\u00eda<\/strong> en un momento de su actuaci\u00f3n: &#8216;<em>gracias, muchas gracias a los <strong>68 <\/strong>que hab\u00e9is venido esta noche<\/em>&#8216;.<\/p>\n<p><!--more-->Los <em>tres <\/em>estupendos.<\/p>\n<p>A m\u00ed me gusta mucho <strong>Jonathan<\/strong>, pero es un <em>gusto <\/em>poder verlos\/o\u00edrlos a todos.<\/p>\n<p>Los <strong>mon\u00f3logos <\/strong>muy divertidos, en resumen una noche <em>divertida <\/em>con muchas <strong>risas <\/strong>y muchas muchas <em>l\u00e1grimas<\/em> de reir.<\/p>\n<p>Dejo un <strong>v\u00eddeo <\/strong>que hay por la red de una de sus <em>promociones<\/em><\/p>\n<span class=\"vvqbox vvqyoutube\" style=\"width:490px;height:300px;\"><span id=\"vvq-2421-youtube-1\"><a href=\"http:\/\/www.youtube.com\/watch?v=kVnTDnffzw4\"><img src=\"http:\/\/img.youtube.com\/vi\/kVnTDnffzw4\/0.jpg\" alt=\"Imagen de previsualizaci\u00f3n de YouTube\" \/><\/a><\/span><\/span>\n<p>La entrada son <strong>16\u20ac<\/strong> y cada s\u00e1bado a las <strong>22:00<\/strong> en el <a title=\"teatreneu\" href=\"http:\/\/www.teatreneu.com\/\">Teatreneu<\/a> en el <em>carrer Terol<\/em> n\u00famero 6.<\/p>\n","protected":false},"excerpt":{"rendered":"<p>En el Teatreneu cada s\u00e1bado est\u00e1 Jonathan Vives con su espect\u00e1culo &#8216;+ noches de mon\u00f3logos&#8216;. Y este s\u00e1bado pasado fui a verlos. Como invitados estuvieron Alvaro Carrero y Tom\u00e1s Garc\u00eda. Era una noche extra\u00f1a, era evidente que casi todo el mundo estaba pendiente de la televisi\u00f3n y de Rodolfo Chikilicuatre y de esa maravillosa edici\u00f3n [&hellip;]<\/p>\n","protected":false},"author":6,"featured_media":0,"comment_status":"open","ping_status":"open","sticky":false,"template":"","format":"standard","meta":[],"categories":[5],"tags":[234,229,217],"geo":{"latitude":41.4024696,"longitude":2.1573544,"description":null},"_links":{"self":[{"href":"https:\/\/www.carballada.com\/wordpress\/wp-json\/wp\/v2\/posts\/2421"}],"collection":[{"href":"https:\/\/www.carballada.com\/wordpress\/wp-json\/wp\/v2\/posts"}],"about":[{"href":"https:\/\/www.carballada.com\/wordpress\/wp-json\/wp\/v2\/types\/post"}],"author":[{"embeddable":true,"href":"https:\/\/www.carballada.com\/wordpress\/wp-json\/wp\/v2\/users\/6"}],"replies":[{"embeddable":true,"href":"https:\/\/www.carballada.com\/wordpress\/wp-json\/wp\/v2\/comments?post=2421"}],"version-history":[{"count":0,"href":"https:\/\/www.carballada.com\/wordpress\/wp-json\/wp\/v2\/posts\/2421\/revisions"}],"wp:attachment":[{"href":"https:\/\/www.carballada.com\/wordpress\/wp-json\/wp\/v2\/media?parent=2421"}],"wp:term":[{"taxonomy":"category","embeddable":true,"href":"https:\/\/www.carballada.com\/wordpress\/wp-json\/wp\/v2\/categories?post=2421"},{"taxonomy":"post_tag","embeddable":true,"href":"https:\/\/www.carballada.com\/wordpress\/wp-json\/wp\/v2\/tags?post=2421"}],"curies":[{"name":"wp","href":"https:\/\/api.w.org\/{rel}","templated":true}]}}