{"id":2738,"date":"2008-08-21T18:09:17","date_gmt":"2008-08-21T16:09:17","guid":{"rendered":"http:\/\/www.carballada.com\/?p=2738"},"modified":"2008-08-21T18:09:17","modified_gmt":"2008-08-21T16:09:17","slug":"la-noche-es-nuestra","status":"publish","type":"post","link":"https:\/\/www.carballada.com\/wordpress\/2008\/08\/la-noche-es-nuestra","title":{"rendered":"La Noche es Nuestra"},"content":{"rendered":"<p><a href=\"http:\/\/www.carballada.com\/wp-content\/uploads\/la-noche-es-nuestra.jpg\"><img loading=\"lazy\" class=\"alignleft size-thumbnail wp-image-2778\" title=\"la-noche-es-nuestra car\u00e1tula\" src=\"http:\/\/www.carballada.com\/wp-content\/uploads\/la-noche-es-nuestra-89x128.jpg\" alt=\"\" width=\"89\" height=\"128\" srcset=\"https:\/\/www.carballada.com\/wordpress\/wp-content\/uploads\/la-noche-es-nuestra-89x128.jpg 89w, https:\/\/www.carballada.com\/wordpress\/wp-content\/uploads\/la-noche-es-nuestra-210x300.jpg 210w, https:\/\/www.carballada.com\/wordpress\/wp-content\/uploads\/la-noche-es-nuestra.jpg 400w\" sizes=\"(max-width: 89px) 100vw, 89px\" \/><\/a><strong>Fant\u00e1stica<\/strong>.<\/p>\n<p>Me lo he pasado de <em>co\u00f1a<\/em>.<\/p>\n<p>Yo la clasifico de <em>tiros <\/em>pero est\u00e1 claro que con algo que contar, con historia y tambi\u00e9n con duelo entre los actores <strong>protagonistas<\/strong>.<\/p>\n<p>El <strong>director y guionista<\/strong> es <a href=\"http:\/\/spanish.imdb.com\/name\/nm0336695\/\">James Gray<\/a> un tipo que <em>solamente <\/em>tiene tres pel\u00edculas hasta ahora, las otras dos son <a href=\"http:\/\/spanish.imdb.com\/title\/tt0138946\/\">The Yards<\/a> y <a href=\"http:\/\/spanish.imdb.com\/title\/tt0110365\/\">Little Odessa<\/a>.<\/p>\n<p>Curiosamente en sus <em>dos <\/em>\u00faltimas repite protagonistas y esos dos <em>pedazos <\/em>de actores que las protagonizan son <a href=\"http:\/\/spanish.imdb.com\/name\/nm0001618\/\">Joaquin Phoenix<\/a> y <a href=\"http:\/\/spanish.imdb.com\/name\/nm0000242\/\">Mark Wahlberg<\/a>.<\/p>\n<p><!--more-->Aunque \u00e9sta parece preparada para demostrar lo bueno que es <a href=\"http:\/\/spanish.imdb.com\/name\/nm0001618\/\">Joaquin Phoenix<\/a>, que est\u00e1 que <strong>se sale<\/strong>.<\/p>\n<p>Todos lo podemos recordar de <em>peliculones <\/em>como <a href=\"http:\/\/spanish.imdb.com\/title\/tt0395169\/\">Hotel Rwanda<\/a> y <a href=\"http:\/\/spanish.imdb.com\/title\/tt0172495\/\">Gladiator<\/a> o m\u00e1s recientemente en <a title=\"Permalink a 'Un Cruce en el Destino'\" rel=\"bookmark\" href=\"\/2008\/06\/un-cruce-en-el-destino\">Un Cruce en el Destino<\/a>.<\/p>\n<p>A <a href=\"http:\/\/spanish.imdb.com\/name\/nm0001618\/\">Joaquin Phoenix<\/a> lo vimos en <a title=\"Permalink a 'El Tirador'\" rel=\"bookmark\" href=\"\/2007\/08\/el-tirador\">El Tirador<\/a>, <a title=\"Permalink a 'Infiltrados'\" rel=\"bookmark\" href=\"\/2007\/03\/infiltrados\">Infiltrados<\/a> o <a title=\"Permalink a 'Extra\u00f1as coincidencias'\" rel=\"bookmark\" href=\"\/2006\/07\/extranas-coincidencias\">Extra\u00f1as coincidencias<\/a> (<em>todas comentadas aqu\u00ed<\/em>) y adem\u00e1s algo que me parece <em>buen\u00edsimo<\/em>: es el <strong>productor<\/strong> de <a title=\"Permalink a 'In Treatment (1\u00aa temp)'\" rel=\"bookmark\" href=\"\/2008\/06\/in-treatment-1%c2%aa-temp\">In Treatment (1\u00aa temp)<\/a> que es una serie que me encanta.<\/p>\n<p>Menci\u00f3n a <a href=\"http:\/\/spanish.imdb.com\/name\/nm0000380\/\">Robert Duvall<\/a>, correcto como siempre y a <a href=\"http:\/\/spanish.imdb.com\/name\/nm0578949\/\">Eva Mendes<\/a>, que no est\u00e1 guapa ni n\u00e1 y a la que por fin vemos en un papel un poco <em>m\u00e1s serio<\/em>.<\/p>\n<p>Se lleva un<\/p>\n<p><strong>Rating:<\/strong> <img src=\"http:\/\/www.carballada.com\/wordpress\/wp-content\/plugins\/star-rating-for-reviews\/images\/star.png\" alt=\"&#9733;\" \/><img src=\"http:\/\/www.carballada.com\/wordpress\/wp-content\/plugins\/star-rating-for-reviews\/images\/star.png\" alt=\"&#9733;\" \/><img src=\"http:\/\/www.carballada.com\/wordpress\/wp-content\/plugins\/star-rating-for-reviews\/images\/star.png\" alt=\"&#9733;\" \/><img src=\"http:\/\/www.carballada.com\/wordpress\/wp-content\/plugins\/star-rating-for-reviews\/images\/star.png\" alt=\"&#9733;\" \/><img src=\"http:\/\/www.carballada.com\/wordpress\/wp-content\/plugins\/star-rating-for-reviews\/images\/blankstar.png\" alt=\"&#9734;\" \/><\/p>\n<p>Dejo el acceso a un <em>elink <\/em>con calidad <strong>DVDrip <\/strong>y sonido <em>AC3 <\/em>de la gente de <strong>LegioEquestris.com<\/strong><\/p>\n<p><a href=\"http:\/\/www.carballada.com\/disclaimer?elink=|file|La.Noche.es.Nuestra.-.XviD.DVDRip.(720x384).-.AC3.5.1.(ESP).-.QLT.(legioequestris.com).avi|1467963392|C4DFE84E8B031F674DAB0D5083008043|\/\">La.Noche.es.Nuestra.-.XviD.DVDRip.(720&#215;384).-.AC3.5.1.(ESP)<\/a><\/p>\n<p>y tambien alguna car\u00e1tula m\u00e1s que encontre por internet<\/p>\n<p><a href=\"http:\/\/www.carballada.com\/wp-content\/uploads\/la-noche-es-nuestra2.jpg\"><img loading=\"lazy\" class=\"middle size-thumbnail wp-image-2779\" title=\"la-noche-es-nuestra2 car\u00e1tula\" src=\"http:\/\/www.carballada.com\/wp-content\/uploads\/la-noche-es-nuestra2-89x128.jpg\" alt=\"\" width=\"89\" height=\"128\" srcset=\"https:\/\/www.carballada.com\/wordpress\/wp-content\/uploads\/la-noche-es-nuestra2-89x128.jpg 89w, https:\/\/www.carballada.com\/wordpress\/wp-content\/uploads\/la-noche-es-nuestra2-210x300.jpg 210w, https:\/\/www.carballada.com\/wordpress\/wp-content\/uploads\/la-noche-es-nuestra2.jpg 400w\" sizes=\"(max-width: 89px) 100vw, 89px\" \/><\/a><a href=\"http:\/\/www.carballada.com\/wp-content\/uploads\/la-noche-es-nuestra3.jpg\"><img loading=\"lazy\" class=\"middle size-thumbnail wp-image-2780\" title=\"la-noche-es-nuestra3 car\u00e1tula\" src=\"http:\/\/www.carballada.com\/wp-content\/uploads\/la-noche-es-nuestra3-89x128.jpg\" alt=\"\" width=\"89\" height=\"128\" srcset=\"https:\/\/www.carballada.com\/wordpress\/wp-content\/uploads\/la-noche-es-nuestra3-89x128.jpg 89w, https:\/\/www.carballada.com\/wordpress\/wp-content\/uploads\/la-noche-es-nuestra3-210x300.jpg 210w, https:\/\/www.carballada.com\/wordpress\/wp-content\/uploads\/la-noche-es-nuestra3.jpg 400w\" sizes=\"(max-width: 89px) 100vw, 89px\" \/><\/a><a href=\"http:\/\/www.carballada.com\/wp-content\/uploads\/la-noche-es-nuestra4.jpg\"><img loading=\"lazy\" class=\"middle size-thumbnail wp-image-2781\" title=\"la-noche-es-nuestra4 car\u00e1tula\" src=\"http:\/\/www.carballada.com\/wp-content\/uploads\/la-noche-es-nuestra4-89x128.jpg\" alt=\"\" width=\"89\" height=\"128\" srcset=\"https:\/\/www.carballada.com\/wordpress\/wp-content\/uploads\/la-noche-es-nuestra4-89x128.jpg 89w, https:\/\/www.carballada.com\/wordpress\/wp-content\/uploads\/la-noche-es-nuestra4-210x300.jpg 210w, https:\/\/www.carballada.com\/wordpress\/wp-content\/uploads\/la-noche-es-nuestra4.jpg 400w\" sizes=\"(max-width: 89px) 100vw, 89px\" \/><\/a><\/p>\n","protected":false},"excerpt":{"rendered":"<p>Fant\u00e1stica. Me lo he pasado de co\u00f1a. Yo la clasifico de tiros pero est\u00e1 claro que con algo que contar, con historia y tambi\u00e9n con duelo entre los actores protagonistas. El director y guionista es James Gray un tipo que solamente tiene tres pel\u00edculas hasta ahora, las otras dos son The Yards y Little Odessa. [&hellip;]<\/p>\n","protected":false},"author":6,"featured_media":0,"comment_status":"open","ping_status":"open","sticky":false,"template":"","format":"standard","meta":[],"categories":[41],"tags":[234,96,111,229,230],"geo":null,"_links":{"self":[{"href":"https:\/\/www.carballada.com\/wordpress\/wp-json\/wp\/v2\/posts\/2738"}],"collection":[{"href":"https:\/\/www.carballada.com\/wordpress\/wp-json\/wp\/v2\/posts"}],"about":[{"href":"https:\/\/www.carballada.com\/wordpress\/wp-json\/wp\/v2\/types\/post"}],"author":[{"embeddable":true,"href":"https:\/\/www.carballada.com\/wordpress\/wp-json\/wp\/v2\/users\/6"}],"replies":[{"embeddable":true,"href":"https:\/\/www.carballada.com\/wordpress\/wp-json\/wp\/v2\/comments?post=2738"}],"version-history":[{"count":0,"href":"https:\/\/www.carballada.com\/wordpress\/wp-json\/wp\/v2\/posts\/2738\/revisions"}],"wp:attachment":[{"href":"https:\/\/www.carballada.com\/wordpress\/wp-json\/wp\/v2\/media?parent=2738"}],"wp:term":[{"taxonomy":"category","embeddable":true,"href":"https:\/\/www.carballada.com\/wordpress\/wp-json\/wp\/v2\/categories?post=2738"},{"taxonomy":"post_tag","embeddable":true,"href":"https:\/\/www.carballada.com\/wordpress\/wp-json\/wp\/v2\/tags?post=2738"}],"curies":[{"name":"wp","href":"https:\/\/api.w.org\/{rel}","templated":true}]}}