{"id":279,"date":"2006-08-07T10:07:34","date_gmt":"2006-08-07T09:07:34","guid":{"rendered":"http:\/\/www.carballada.com\/archives\/279"},"modified":"2006-09-26T18:27:48","modified_gmt":"2006-09-26T17:27:48","slug":"cafe-con-hielo","status":"publish","type":"post","link":"https:\/\/www.carballada.com\/wordpress\/2006\/08\/cafe-con-hielo","title":{"rendered":"Caf\u00e9 con hielo"},"content":{"rendered":"<p><a class=\"imagelink\" title=\"Francesco caf\u00e9\" href=\"http:\/\/www.carballada.com\/wp-content\/uploads\/francesco.jpg\"><img id=\"image503\" class=\"left\" alt=\"Francesco caf\u00e9\" src=\"http:\/\/www.carballada.com\/wp-content\/uploads\/francesco.miniatura.jpg\" \/><\/a><\/p>\n<p>Aghhhhh, he vuelto a caer.<\/p>\n<p>Terracita del Caf\u00e9 de Francesco (o como cojones se escriba) en Paseo de Gracia con Valencia&#8230;.. un caf\u00e9 con hielo ya vale <em><strong>2.20\u20ac<\/strong><\/em>, m\u00e1s de 360 pesetas un puto caf\u00e9 con hielo!!!!!!<\/p>\n<p>Alucinante, qui\u00e9n dec\u00eda que el euro no influye en los precios? hay alguien que se atreva a seguir diciendolo?<\/p>\n<p><!--more--><\/p>\n<p>Se merecen un suspenso de la leche. (bueno del caf\u00e9, del caf\u00e9 caro)<\/p>\n<p><strong>Rating:<\/strong> <img src=\"http:\/\/www.carballada.com\/wordpress\/wp-content\/plugins\/star-rating-for-reviews\/images\/halfstar.png\" alt=\"&frac12;\" \/><img src=\"http:\/\/www.carballada.com\/wordpress\/wp-content\/plugins\/star-rating-for-reviews\/images\/blankstar.png\" alt=\"&#9734;\" \/><img src=\"http:\/\/www.carballada.com\/wordpress\/wp-content\/plugins\/star-rating-for-reviews\/images\/blankstar.png\" alt=\"&#9734;\" \/><img src=\"http:\/\/www.carballada.com\/wordpress\/wp-content\/plugins\/star-rating-for-reviews\/images\/blankstar.png\" alt=\"&#9734;\" \/><img src=\"http:\/\/www.carballada.com\/wordpress\/wp-content\/plugins\/star-rating-for-reviews\/images\/blankstar.png\" alt=\"&#9734;\" \/><\/p>\n<p>ACTUALIZACI\u00d3N: superado por<a href=\"http:\/\/www.carballada.com\/archives\/565\"> la borda de l&#8217;avi<\/a>&#8230;..<\/p>\n","protected":false},"excerpt":{"rendered":"<p>Aghhhhh, he vuelto a caer. Terracita del Caf\u00e9 de Francesco (o como cojones se escriba) en Paseo de Gracia con Valencia&#8230;.. un caf\u00e9 con hielo ya vale 2.20\u20ac, m\u00e1s de 360 pesetas un puto caf\u00e9 con hielo!!!!!! Alucinante, qui\u00e9n dec\u00eda que el euro no influye en los precios? hay alguien que se atreva a seguir [&hellip;]<\/p>\n","protected":false},"author":6,"featured_media":0,"comment_status":"open","ping_status":"open","sticky":false,"template":"","format":"standard","meta":[],"categories":[15,5],"tags":[61,229,232],"geo":{"latitude":41.3931007,"longitude":2.164,"description":null},"_links":{"self":[{"href":"https:\/\/www.carballada.com\/wordpress\/wp-json\/wp\/v2\/posts\/279"}],"collection":[{"href":"https:\/\/www.carballada.com\/wordpress\/wp-json\/wp\/v2\/posts"}],"about":[{"href":"https:\/\/www.carballada.com\/wordpress\/wp-json\/wp\/v2\/types\/post"}],"author":[{"embeddable":true,"href":"https:\/\/www.carballada.com\/wordpress\/wp-json\/wp\/v2\/users\/6"}],"replies":[{"embeddable":true,"href":"https:\/\/www.carballada.com\/wordpress\/wp-json\/wp\/v2\/comments?post=279"}],"version-history":[{"count":0,"href":"https:\/\/www.carballada.com\/wordpress\/wp-json\/wp\/v2\/posts\/279\/revisions"}],"wp:attachment":[{"href":"https:\/\/www.carballada.com\/wordpress\/wp-json\/wp\/v2\/media?parent=279"}],"wp:term":[{"taxonomy":"category","embeddable":true,"href":"https:\/\/www.carballada.com\/wordpress\/wp-json\/wp\/v2\/categories?post=279"},{"taxonomy":"post_tag","embeddable":true,"href":"https:\/\/www.carballada.com\/wordpress\/wp-json\/wp\/v2\/tags?post=279"}],"curies":[{"name":"wp","href":"https:\/\/api.w.org\/{rel}","templated":true}]}}