{"id":3450,"date":"2008-10-21T13:49:14","date_gmt":"2008-10-21T11:49:14","guid":{"rendered":"http:\/\/www.carballada.com\/?p=3450"},"modified":"2008-10-21T13:49:14","modified_gmt":"2008-10-21T11:49:14","slug":"gelonch","status":"publish","type":"post","link":"https:\/\/www.carballada.com\/wordpress\/2008\/10\/gelonch","title":{"rendered":"Gelonch"},"content":{"rendered":"<p><a href=\"http:\/\/www.carballada.com\/wp-content\/uploads\/gelonch.jpg\"><img loading=\"lazy\" class=\"alignleft size-thumbnail wp-image-3451\" title=\"gelonch restaurante\" src=\"http:\/\/www.carballada.com\/wp-content\/uploads\/gelonch-128x96.jpg\" alt=\"\" width=\"128\" height=\"96\" srcset=\"https:\/\/www.carballada.com\/wordpress\/wp-content\/uploads\/gelonch-128x96.jpg 128w, https:\/\/www.carballada.com\/wordpress\/wp-content\/uploads\/gelonch-300x225.jpg 300w, https:\/\/www.carballada.com\/wordpress\/wp-content\/uploads\/gelonch.jpg 1600w\" sizes=\"(max-width: 128px) 100vw, 128px\" \/><\/a>Estupendo restaurante en la <strong>dreta del eixample<\/strong>.<\/p>\n<p>En realmente <em>peque\u00f1o<\/em>, tiene muy pocas mesas y una capacidad para unas <strong>26<\/strong> personas.<\/p>\n<p>La decoraci\u00f3n es <em>correcta<\/em>, luminosa y moderna, aunque <strong>no <\/strong>ser\u00eda uno de sus puntos fuertes.<\/p>\n<p>Su punto fuerte est\u00e1 claro que es la <strong>carta <\/strong>y que resulta un sitio extremadamente <em>\u00edntimo <\/em>y muy <em>agradable<\/em>.<\/p>\n<p>Cena para <strong>dos <\/strong>la noche del s\u00e1bado <em>sin <\/em>reserva, tuvimos suerte.<\/p>\n<p><!--more-->Escogimos el men\u00fa <em>degustaci\u00f3n <\/em>de <strong>28\u20ac<\/strong> con la ampliaci\u00f3n de 2 tapas m\u00e1s por otros <strong>7\u20ac<\/strong>.<\/p>\n<p>Cenamos <em>platillos <\/em>de:<\/p>\n<ul>\n<li>ostras pasi\u00f3n con gin-t\u00f3nic.<\/li>\n<li>vieria asada con tocino, taboul\u00e9 crujiente de frutos secos y crema a las finas hierbas.<\/li>\n<li>coca de manitas de cerdo con gambas y alcachofas.<\/li>\n<li>capuccino de patata, huevo y erizo.<\/li>\n<li>sopa de ceps con jam\u00f3n ib\u00e9rico y ravioli de foie-gras.<\/li>\n<li>at\u00fan al piment\u00f3n con chutney de pi\u00f1a, aceite de avellana, endivia la horno y helado de wasabi.<\/li>\n<li>carpaccio de solomillo de buey al humo con queso.<\/li>\n<li>costillas de cerdo ib\u00e9rico cocinadas durante 24 horas a la naranja con fieos de zanahoria y queso chill\u00f3n a la miel.<\/li>\n<li>cochinillo ib\u00e9rico deshuesado con calabaza y aire de mandarina.<\/li>\n<li>pescado del d\u00eda con verduritas a la clorofila, l\u00e1minas de coco, almendras, brotes de ensalada y aceite de te y flores.<\/li>\n<\/ul>\n<p>Realmente <strong>espectacular<\/strong>, especialmente la sopa, el cochinillo y las costillas.<\/p>\n<p>De postre un <em>helado de cacahuete con bizcocho de chocolate, espuma de caramelo y crema de fruta de la pasi\u00f3n<\/em>.<\/p>\n<p>Para beber una elecci\u00f3n espectacular de una botella de <strong>Lavia <\/strong>(<strong>22\u20ac<\/strong>)<\/p>\n<p>La gente que trabaja all\u00ed es muy atenta y est\u00e1 muy pendiente de ti.<\/p>\n<p>La cena para dos por unos <strong>106\u20ac<\/strong>, unos <strong>53\u20ac<\/strong> por persona.<\/p>\n<p>Se lleva un<\/p>\n<p><strong>Rating:<\/strong> <img src=\"http:\/\/www.carballada.com\/wordpress\/wp-content\/plugins\/star-rating-for-reviews\/images\/star.png\" alt=\"&#9733;\" \/><img src=\"http:\/\/www.carballada.com\/wordpress\/wp-content\/plugins\/star-rating-for-reviews\/images\/star.png\" alt=\"&#9733;\" \/><img src=\"http:\/\/www.carballada.com\/wordpress\/wp-content\/plugins\/star-rating-for-reviews\/images\/star.png\" alt=\"&#9733;\" \/><img src=\"http:\/\/www.carballada.com\/wordpress\/wp-content\/plugins\/star-rating-for-reviews\/images\/star.png\" alt=\"&#9733;\" \/><img src=\"http:\/\/www.carballada.com\/wordpress\/wp-content\/plugins\/star-rating-for-reviews\/images\/halfstar.png\" alt=\"&frac12;\" \/><\/p>\n<p>El restaurante <strong>Gelonch <\/strong>est\u00e1 en la calle <em>Bail\u00e9n <\/em>n\u00famero 56 y el tel\u00e9fono es el 93 265 82 98.<\/p>\n","protected":false},"excerpt":{"rendered":"<p>Estupendo restaurante en la dreta del eixample. En realmente peque\u00f1o, tiene muy pocas mesas y una capacidad para unas 26 personas. La decoraci\u00f3n es correcta, luminosa y moderna, aunque no ser\u00eda uno de sus puntos fuertes. Su punto fuerte est\u00e1 claro que es la carta y que resulta un sitio extremadamente \u00edntimo y muy agradable. [&hellip;]<\/p>\n","protected":false},"author":6,"featured_media":0,"comment_status":"open","ping_status":"open","sticky":false,"template":"","format":"standard","meta":[],"categories":[29],"tags":[234,229,232],"geo":{"latitude":41.3944855,"longitude":2.1738551,"description":null},"_links":{"self":[{"href":"https:\/\/www.carballada.com\/wordpress\/wp-json\/wp\/v2\/posts\/3450"}],"collection":[{"href":"https:\/\/www.carballada.com\/wordpress\/wp-json\/wp\/v2\/posts"}],"about":[{"href":"https:\/\/www.carballada.com\/wordpress\/wp-json\/wp\/v2\/types\/post"}],"author":[{"embeddable":true,"href":"https:\/\/www.carballada.com\/wordpress\/wp-json\/wp\/v2\/users\/6"}],"replies":[{"embeddable":true,"href":"https:\/\/www.carballada.com\/wordpress\/wp-json\/wp\/v2\/comments?post=3450"}],"version-history":[{"count":0,"href":"https:\/\/www.carballada.com\/wordpress\/wp-json\/wp\/v2\/posts\/3450\/revisions"}],"wp:attachment":[{"href":"https:\/\/www.carballada.com\/wordpress\/wp-json\/wp\/v2\/media?parent=3450"}],"wp:term":[{"taxonomy":"category","embeddable":true,"href":"https:\/\/www.carballada.com\/wordpress\/wp-json\/wp\/v2\/categories?post=3450"},{"taxonomy":"post_tag","embeddable":true,"href":"https:\/\/www.carballada.com\/wordpress\/wp-json\/wp\/v2\/tags?post=3450"}],"curies":[{"name":"wp","href":"https:\/\/api.w.org\/{rel}","templated":true}]}}