{"id":4460,"date":"2009-01-13T22:48:52","date_gmt":"2009-01-13T21:48:52","guid":{"rendered":"http:\/\/www.carballada.com\/?p=4460"},"modified":"2009-01-13T18:49:53","modified_gmt":"2009-01-13T17:49:53","slug":"microproyector-dell-m109s","status":"publish","type":"post","link":"https:\/\/www.carballada.com\/wordpress\/2009\/01\/microproyector-dell-m109s","title":{"rendered":"MicroProyector Dell M109S"},"content":{"rendered":"<p><a href=\"http:\/\/www.carballada.com\/wp-content\/uploads\/dell-microproyector-m109s.jpg\"><img loading=\"lazy\" class=\"alignleft size-thumbnail wp-image-4461\" title=\"dell-microproyector-m109s\" src=\"http:\/\/www.carballada.com\/wp-content\/uploads\/dell-microproyector-m109s-128x96.jpg\" alt=\"dell-microproyector-m109s\" width=\"128\" height=\"96\" srcset=\"https:\/\/www.carballada.com\/wordpress\/wp-content\/uploads\/dell-microproyector-m109s-128x96.jpg 128w, https:\/\/www.carballada.com\/wordpress\/wp-content\/uploads\/dell-microproyector-m109s-300x225.jpg 300w, https:\/\/www.carballada.com\/wordpress\/wp-content\/uploads\/dell-microproyector-m109s-1024x768.jpg 1024w, https:\/\/www.carballada.com\/wordpress\/wp-content\/uploads\/dell-microproyector-m109s.jpg 1600w\" sizes=\"(max-width: 128px) 100vw, 128px\" \/><\/a>Estos d\u00edas estoy probando un nuevo <strong>juguetito<\/strong>.<\/p>\n<p>Se trata del nuev\u00edsimo <em>micro proyector<\/em> <strong>Dell M109S<\/strong>.<\/p>\n<p>Ellos lo denominan proyector de <em>viaje <\/em>y es que sus medidas son alucinantes:<span class=\"para\"><span class=\"para\"><span class=\"para\"> <strong>92 x 104 x 37<\/strong>&#8230;.. <strong>mil\u00edmetros <\/strong>y encima pesa solamente <strong>360 gramos<\/strong>.<\/span><\/span><\/span><\/p>\n<p><span class=\"para\"><span class=\"para\"><span class=\"para\">Realmente es <em>peque\u00f1o<\/em>, muy, pero que muy <em>peque\u00f1o<\/em>, y a\u00fan as\u00ed se puede proyectar con relativa <strong>potencia <\/strong>para un tama\u00f1o de unas <strong>60&#8243;<\/strong>.<\/span><\/span><\/span><\/p>\n<p><span class=\"para\"><span class=\"para\"><span class=\"para\"><!--more--><strong>No <\/strong>le pidas m\u00e1s, no sirve para grupos mayores de unas <strong>cuatro <\/strong>personas.<\/span><\/span><\/span><\/p>\n<p><span class=\"para\"><span class=\"para\"><span class=\"para\"><a href=\"http:\/\/www.carballada.com\/wp-content\/uploads\/dell-microproyector-m109s-funcionando.jpg\"><img loading=\"lazy\" class=\"alignleft size-thumbnail wp-image-4464\" title=\"dell-microproyector-m109s-funcionando\" src=\"http:\/\/www.carballada.com\/wp-content\/uploads\/dell-microproyector-m109s-funcionando-96x128.jpg\" alt=\"dell-microproyector-m109s-funcionando\" width=\"96\" height=\"128\" srcset=\"https:\/\/www.carballada.com\/wordpress\/wp-content\/uploads\/dell-microproyector-m109s-funcionando-96x128.jpg 96w, https:\/\/www.carballada.com\/wordpress\/wp-content\/uploads\/dell-microproyector-m109s-funcionando-225x300.jpg 225w, https:\/\/www.carballada.com\/wordpress\/wp-content\/uploads\/dell-microproyector-m109s-funcionando-768x1024.jpg 768w, https:\/\/www.carballada.com\/wordpress\/wp-content\/uploads\/dell-microproyector-m109s-funcionando.jpg 1200w\" sizes=\"(max-width: 96px) 100vw, 96px\" \/><\/a>Tiene una luminosidad de <em>50 l\u00famenes<\/em> que es poquito, mejor con las ventanas <strong>cerradas <\/strong>en oscuridad.<br \/>\n<\/span><\/span><\/span><\/p>\n<p><span class=\"para\"><span class=\"para\"><span class=\"para\">Tiene una resoluci\u00f3n <\/span><\/span><\/span><span class=\"para\"><em>SVGA 800&#215;600<\/em> y puede detectar si no est\u00e1 en la posici\u00f3n correcta y corregir la proyecci\u00f3n.<\/span><\/p>\n<p><span class=\"para\">Utiliza tecnolog\u00eda <strong>LED<\/strong>, no lleva bombilla de recambio y se supone que la l\u00e1mpara tiene que durar una <strong>eternidad<\/strong>, dicen que unas<em> 10.000 horas<\/em>.<br \/>\n<\/span><\/p>\n<p><span class=\"para\">En resumen un proyector <strong>personal<\/strong>, muy <em>transportable <\/em>que permite compartir la pantalla con grupos de unas cuatro o cinco personas.<\/span><\/p>\n<p><span class=\"para\"><strong>No <\/strong>est\u00e1 mal.<\/span><\/p>\n<p><span class=\"para\">Aunque lo cierto es que es dif\u00edcil proyectar <em>solamente <\/em>para cuatro: en cuando se ve lo mono que es, <em>aparece <\/em>gente por todas partes para ver que tal funciona&#8230;.<br \/>\n<\/span><\/p>\n<p><span class=\"para\">Su precio tarifa es de unos <strong>400\u20ac<\/strong>, no es una opci\u00f3n <em>car\u00edsima <\/em>y puede salvarte de alg\u00fan apuro.<\/span><\/p>\n<p><span class=\"para\">Un detalle interesante es que utiliza el mismo <em>adaptador <\/em>para la corriente que el de los actuales <strong>Dell Latitude<\/strong>, solamente tienes que cargar con uno de ellos.<br \/>\n<\/span><\/p>\n","protected":false},"excerpt":{"rendered":"<p>Estos d\u00edas estoy probando un nuevo juguetito. Se trata del nuev\u00edsimo micro proyector Dell M109S. Ellos lo denominan proyector de viaje y es que sus medidas son alucinantes: 92 x 104 x 37&#8230;.. mil\u00edmetros y encima pesa solamente 360 gramos. Realmente es peque\u00f1o, muy, pero que muy peque\u00f1o, y a\u00fan as\u00ed se puede proyectar con [&hellip;]<\/p>\n","protected":false},"author":6,"featured_media":0,"comment_status":"open","ping_status":"open","sticky":false,"template":"","format":"standard","meta":[],"categories":[214],"tags":[234,246],"geo":null,"_links":{"self":[{"href":"https:\/\/www.carballada.com\/wordpress\/wp-json\/wp\/v2\/posts\/4460"}],"collection":[{"href":"https:\/\/www.carballada.com\/wordpress\/wp-json\/wp\/v2\/posts"}],"about":[{"href":"https:\/\/www.carballada.com\/wordpress\/wp-json\/wp\/v2\/types\/post"}],"author":[{"embeddable":true,"href":"https:\/\/www.carballada.com\/wordpress\/wp-json\/wp\/v2\/users\/6"}],"replies":[{"embeddable":true,"href":"https:\/\/www.carballada.com\/wordpress\/wp-json\/wp\/v2\/comments?post=4460"}],"version-history":[{"count":0,"href":"https:\/\/www.carballada.com\/wordpress\/wp-json\/wp\/v2\/posts\/4460\/revisions"}],"wp:attachment":[{"href":"https:\/\/www.carballada.com\/wordpress\/wp-json\/wp\/v2\/media?parent=4460"}],"wp:term":[{"taxonomy":"category","embeddable":true,"href":"https:\/\/www.carballada.com\/wordpress\/wp-json\/wp\/v2\/categories?post=4460"},{"taxonomy":"post_tag","embeddable":true,"href":"https:\/\/www.carballada.com\/wordpress\/wp-json\/wp\/v2\/tags?post=4460"}],"curies":[{"name":"wp","href":"https:\/\/api.w.org\/{rel}","templated":true}]}}