{"id":5127,"date":"2009-03-09T23:47:45","date_gmt":"2009-03-09T22:47:45","guid":{"rendered":"http:\/\/www.carballada.com\/?p=5127"},"modified":"2009-03-12T13:50:06","modified_gmt":"2009-03-12T12:50:06","slug":"la-perla-nera-v2","status":"publish","type":"post","link":"https:\/\/www.carballada.com\/wordpress\/2009\/03\/la-perla-nera-v2","title":{"rendered":"La Perla Nera (v2)"},"content":{"rendered":"<p><a href=\"http:\/\/www.carballada.com\/wp-content\/uploads\/la-perla-nera-v2.jpg\"><img loading=\"lazy\" class=\"alignleft size-thumbnail wp-image-5136\" title=\"la-perla-nera-v2 restaurante\" src=\"http:\/\/www.carballada.com\/wp-content\/uploads\/la-perla-nera-v2-128x96.jpg\" alt=\"la-perla-nera-v2 restaurante\" width=\"128\" height=\"96\" srcset=\"https:\/\/www.carballada.com\/wordpress\/wp-content\/uploads\/la-perla-nera-v2-128x96.jpg 128w, https:\/\/www.carballada.com\/wordpress\/wp-content\/uploads\/la-perla-nera-v2-300x225.jpg 300w, https:\/\/www.carballada.com\/wordpress\/wp-content\/uploads\/la-perla-nera-v2-1024x768.jpg 1024w, https:\/\/www.carballada.com\/wordpress\/wp-content\/uploads\/la-perla-nera-v2.jpg 2048w\" sizes=\"(max-width: 128px) 100vw, 128px\" \/><\/a>Vuelta a este <em>restaurante<\/em> despu\u00e9s de casi <strong>dos<\/strong> a\u00f1os.<\/p>\n<p>Lo contaba en <a title=\"la perla Nera\" href=\"http:\/\/www.carballada.com\/2007\/07\/la-perla-nera\" target=\"_blank\">este art\u00edculo<\/a>.<\/p>\n<p>Todo sigue <em>igual<\/em>, en realidad sigue igual que hace m\u00e1s de <strong>diez a\u00f1os<\/strong> que debe de ser cuando abrieron.<\/p>\n<p>Es un local bastante grande, un sitio <em>amplio<\/em> con bastantes mesas, bien situado en el centro de <strong>Barcelona<\/strong> y muy cerca de la <strong>Catedral<\/strong><\/p>\n<p>Cena para <strong>tres<\/strong> un viernes por la noche a \u00faltima hora sin reserva.<\/p>\n<p><!--more-->No es muy dif\u00edcil encontrar sitio para una <em>cena<\/em> el fin de semana, \u00e9sto no quiere decir que siempre haya sitio, mejor llamar antes de ir y asegurarse.<\/p>\n<p>Una <em>provolone<\/em> (6\u20ac) para compartir de primero y de segundos una<em> pizza napolitana<\/em> (8\u20ac), una <em>paola<\/em> (8\u20ac) y una pasta con <em>gorgonzola<\/em> (11\u20ac).<\/p>\n<p>Para beber una botella de <strong>Lambruco<\/strong> rosado (12\u20ac) y de postre una pannacota (5\u20ac).<\/p>\n<p>La cena para tres por unos <strong>60\u20ac<\/strong>, unos <strong>20\u20ac<\/strong> por persona.<\/p>\n<p>Se lleva un<\/p>\n<p><strong>Rating:<\/strong> <img src=\"http:\/\/www.carballada.com\/wordpress\/wp-content\/plugins\/star-rating-for-reviews\/images\/star.png\" alt=\"&#9733;\" \/><img src=\"http:\/\/www.carballada.com\/wordpress\/wp-content\/plugins\/star-rating-for-reviews\/images\/star.png\" alt=\"&#9733;\" \/><img src=\"http:\/\/www.carballada.com\/wordpress\/wp-content\/plugins\/star-rating-for-reviews\/images\/star.png\" alt=\"&#9733;\" \/><img src=\"http:\/\/www.carballada.com\/wordpress\/wp-content\/plugins\/star-rating-for-reviews\/images\/blankstar.png\" alt=\"&#9734;\" \/><img src=\"http:\/\/www.carballada.com\/wordpress\/wp-content\/plugins\/star-rating-for-reviews\/images\/blankstar.png\" alt=\"&#9734;\" \/><\/p>\n<p>un sitio de \u00faltima hora, sin esperar mesa y una comida <em>buena<\/em> a un precio razonable.<\/p>\n<p>El restaurante Italiano <strong>La Perla Nera<\/strong> est\u00e1 en la V\u00eda Layetana n\u00famero 32 y el tel\u00e9fono es el 933 105 646<\/p>\n","protected":false},"excerpt":{"rendered":"<p>Vuelta a este restaurante despu\u00e9s de casi dos a\u00f1os. Lo contaba en este art\u00edculo. Todo sigue igual, en realidad sigue igual que hace m\u00e1s de diez a\u00f1os que debe de ser cuando abrieron. Es un local bastante grande, un sitio amplio con bastantes mesas, bien situado en el centro de Barcelona y muy cerca de [&hellip;]<\/p>\n","protected":false},"author":1,"featured_media":0,"comment_status":"open","ping_status":"open","sticky":false,"template":"","format":"standard","meta":[],"categories":[30],"tags":[234,229,232],"geo":{"latitude":41.3852425,"longitude":2.1770718,"description":null},"_links":{"self":[{"href":"https:\/\/www.carballada.com\/wordpress\/wp-json\/wp\/v2\/posts\/5127"}],"collection":[{"href":"https:\/\/www.carballada.com\/wordpress\/wp-json\/wp\/v2\/posts"}],"about":[{"href":"https:\/\/www.carballada.com\/wordpress\/wp-json\/wp\/v2\/types\/post"}],"author":[{"embeddable":true,"href":"https:\/\/www.carballada.com\/wordpress\/wp-json\/wp\/v2\/users\/1"}],"replies":[{"embeddable":true,"href":"https:\/\/www.carballada.com\/wordpress\/wp-json\/wp\/v2\/comments?post=5127"}],"version-history":[{"count":0,"href":"https:\/\/www.carballada.com\/wordpress\/wp-json\/wp\/v2\/posts\/5127\/revisions"}],"wp:attachment":[{"href":"https:\/\/www.carballada.com\/wordpress\/wp-json\/wp\/v2\/media?parent=5127"}],"wp:term":[{"taxonomy":"category","embeddable":true,"href":"https:\/\/www.carballada.com\/wordpress\/wp-json\/wp\/v2\/categories?post=5127"},{"taxonomy":"post_tag","embeddable":true,"href":"https:\/\/www.carballada.com\/wordpress\/wp-json\/wp\/v2\/tags?post=5127"}],"curies":[{"name":"wp","href":"https:\/\/api.w.org\/{rel}","templated":true}]}}