{"id":5231,"date":"2009-03-21T20:31:21","date_gmt":"2009-03-21T19:31:21","guid":{"rendered":"http:\/\/www.carballada.com\/2009\/03\/delicious-103"},"modified":"2009-03-22T20:35:41","modified_gmt":"2009-03-22T19:35:41","slug":"delicious-103","status":"publish","type":"post","link":"https:\/\/www.carballada.com\/wordpress\/2009\/03\/delicious-103","title":{"rendered":"Blogs 09\/12"},"content":{"rendered":"<p><img class=\"alignleft\" src=\"http:\/\/www.carballada.com\/wp-content\/uploads\/blogs.thumbnail.jpg\" alt=\"Blogs\" \/><\/p>\n<p>Aqu\u00ed est\u00e1n los \u00faltimos <strong>post<\/strong> que he visto que han despertado mi <em>inter\u00e9s<\/em> en la semana <strong>12<\/strong> del <strong>2009<\/strong>.<\/p>\n<p>As\u00ed puedes dar un paseo por los <strong>links<\/strong> que yo he estado mirando estos d\u00edas.<\/p>\n<p>Cada semana tienes un <strong>art\u00edculo<\/strong> con aquellos lugares o noticias de la red que encuentro m\u00e1s <em>interesantes<\/em>, estos <strong>art\u00edculos<\/strong> siempre los encontrar\u00e1s en la categor\u00eda <a title=\"categor\u00eda Blogs\" href=\"http:\/\/www.carballada.com\/category\/opinion\/blogs\/\">Blogs<\/a>.<\/p>\n<p><!--more--><\/p>\n<p>Esta es la lista de los de <strong>esta <\/strong>semana:<\/p>\n<ul>\n<li><a title=\"http:\/\/teslabs.com\/meteotek08\/\" href=\"http:\/\/teslabs.com\/meteotek08\/\">Meteotek08: Sonda meteorol\u00f2gica dels tecn\u00f2legs de l&#8217;IES Bisbal<\/a><br \/>\nque bueno, hace poco segu\u00eda el intento en los USA y ahora lo tengo en casa<\/li>\n<li><a title=\"http:\/\/www.ramonlobo.com\/2009\/03\/18\/el-papa-africa-y-el-condon\/\" href=\"http:\/\/www.ramonlobo.com\/2009\/03\/18\/el-papa-africa-y-el-condon\/\">El Papa, \u00c1frica y el cond\u00f3n<\/a><br \/>\nmuy buena reflexi\u00f3n<\/li>\n<li><a title=\"https:\/\/www.google.com\/voice\/about\" href=\"https:\/\/www.google.com\/voice\/about\">Google Voice<\/a><br \/>\nnuevo servicio de Google<\/li>\n<li><a title=\"http:\/\/vimeo.com\/3742855?pg=embed&amp;sec=\" href=\"http:\/\/vimeo.com\/3742855?pg=embed&amp;sec=\">MOLINA P\u00cdRATE! pasalo, pegalo en tu blog&#8230;es de todos on Vimeo<\/a><br \/>\npara ver<\/li>\n<li><a title=\"http:\/\/www.cinempatia.com\/cine\/index.php?mact=News,cntnt01,detail,0&amp;cntnt01articleid=3320&amp;cntnt01returnid=15\" href=\"http:\/\/www.cinempatia.com\/cine\/index.php?mact=News,cntnt01,detail,0&amp;cntnt01articleid=3320&amp;cntnt01returnid=15\">Gal\u00e1ctica<\/a><br \/>\nse acaba Gal\u00e1ctica<\/li>\n<li><a title=\"http:\/\/elchistedemel.blogspot.com\/2009\/03\/la-gran-duda.html\" href=\"http:\/\/elchistedemel.blogspot.com\/2009\/03\/la-gran-duda.html\">EL CHISTE DE MEL: La Gran Duda<\/a><br \/>\ndesde luego<\/li>\n<li><a title=\"http:\/\/behindmyscreen.newsvine.com\/_news\/2006\/12\/31\/501615-configuringubuntu-postfix-and-gmail-in-101-easy-steps\" href=\"http:\/\/behindmyscreen.newsvine.com\/_news\/2006\/12\/31\/501615-configuringubuntu-postfix-and-gmail-in-101-easy-steps\">Configuring[Ubuntu] Postfix and Gmail in 10+1 Easy Steps<\/a><br \/>\nuna gu\u00eda perfecta para montar el env\u00edo de mail usando gmail desde un servidor Ubuntu utilizando un usuario de Gmail como relay<\/li>\n<li><a title=\"http:\/\/www.guillermoluijk.com\/article\/nonoise\/index.htm\" href=\"http:\/\/www.guillermoluijk.com\/article\/nonoise\/index.htm\">FOTOGRAF\u00cdA CON CERO RUIDO<\/a><br \/>\nun muy buen art\u00edculo sobre t\u00e9cnicas de reducci\u00f3n de ruido<\/li>\n<li><a title=\"http:\/\/www.elperiodico.com\/default.asp?idpublicacio_PK=46&amp;idioma=CAS&amp;idnoticia_PK=596384&amp;idseccio_PK=&amp;h=090319\" href=\"http:\/\/www.elperiodico.com\/default.asp?idpublicacio_PK=46&amp;idioma=CAS&amp;idnoticia_PK=596384&amp;idseccio_PK=&amp;h=090319\">Gobiernos y oeneg\u00e9s acusan al Papa de minar las campa\u00f1as contra el sida<\/a><br \/>\nufff<\/li>\n<li><a title=\"http:\/\/www.planetapluton.com\/\" href=\"http:\/\/www.planetapluton.com\/\">Regalos originales, sorprendentes, novedosos y divertidos : Planetapluton.com<\/a><br \/>\nun poco de todo<\/li>\n<li><a title=\"http:\/\/www.spanishred.com\/foro\/showthread.php?t=55315\" href=\"http:\/\/www.spanishred.com\/foro\/showthread.php?t=55315\">Resumen de audiencias y cancelaciones en EE.UU. &#8211; SpanishRed<\/a><br \/>\nmuy buena referencia de lo que se ve y lo que no en los USA<\/li>\n<li><a title=\"http:\/\/www.pccomponentes.com\/\" href=\"http:\/\/www.pccomponentes.com\/\">Tienda de inform\u00e1tica online: venta de Ordenadores PcComponentes.com<\/a><br \/>\nuna tienda que vende los ventiladores Nexus<\/li>\n<li><a title=\"http:\/\/www.silentpcreview.com\/article695-page4.html\" href=\"http:\/\/www.silentpcreview.com\/article695-page4.html\">SPCR&#8217;s Fan Round-Up #2: 120mm Fans | silentpcreview.com<\/a><br \/>\nuna p\u00e1gina sobre ordenadores y hardware silencioso<\/li>\n<li><a title=\"http:\/\/www.mydigitallife.info\/2008\/07\/22\/disable-and-turn-off-post-revisions-tracking-in-wordpress-26-or-above\/\" href=\"http:\/\/www.mydigitallife.info\/2008\/07\/22\/disable-and-turn-off-post-revisions-tracking-in-wordpress-26-or-above\/\">Disable and Turn Off Post Revisions Tracking in WordPress 2.6 or Above<\/a><br \/>\npara no hacer el autosalvado en WordPress<\/li>\n<li><a href=\"http:\/\/hackconsolas.wordpress.com\/2008\/09\/23\/recopilacion-de-kernels-para-cartuchos-de-la-nds-ndslite\/\">Recopilaci\u00f3n de kernels para cartuchos de la NDS \/ NDSLite \u00ab<\/a><br \/>\nun mont\u00f3n de kernels para los cartuchos de la DS<\/li>\n<li><a href=\"http:\/\/www.peleng.es\/\">peleng<\/a><br \/>\nun objetivo que me comprar\u00e9&#8230;.<\/li>\n<\/ul>\n","protected":false},"excerpt":{"rendered":"<p>Aqu\u00ed est\u00e1n los \u00faltimos post que he visto que han despertado mi inter\u00e9s en la semana 12 del 2009. As\u00ed puedes dar un paseo por los links que yo he estado mirando estos d\u00edas. Cada semana tienes un art\u00edculo con aquellos lugares o noticias de la red que encuentro m\u00e1s interesantes, estos art\u00edculos siempre los [&hellip;]<\/p>\n","protected":false},"author":6,"featured_media":0,"comment_status":"open","ping_status":"open","sticky":false,"template":"","format":"standard","meta":[],"categories":[22],"tags":[243],"geo":null,"_links":{"self":[{"href":"https:\/\/www.carballada.com\/wordpress\/wp-json\/wp\/v2\/posts\/5231"}],"collection":[{"href":"https:\/\/www.carballada.com\/wordpress\/wp-json\/wp\/v2\/posts"}],"about":[{"href":"https:\/\/www.carballada.com\/wordpress\/wp-json\/wp\/v2\/types\/post"}],"author":[{"embeddable":true,"href":"https:\/\/www.carballada.com\/wordpress\/wp-json\/wp\/v2\/users\/6"}],"replies":[{"embeddable":true,"href":"https:\/\/www.carballada.com\/wordpress\/wp-json\/wp\/v2\/comments?post=5231"}],"version-history":[{"count":0,"href":"https:\/\/www.carballada.com\/wordpress\/wp-json\/wp\/v2\/posts\/5231\/revisions"}],"wp:attachment":[{"href":"https:\/\/www.carballada.com\/wordpress\/wp-json\/wp\/v2\/media?parent=5231"}],"wp:term":[{"taxonomy":"category","embeddable":true,"href":"https:\/\/www.carballada.com\/wordpress\/wp-json\/wp\/v2\/categories?post=5231"},{"taxonomy":"post_tag","embeddable":true,"href":"https:\/\/www.carballada.com\/wordpress\/wp-json\/wp\/v2\/tags?post=5231"}],"curies":[{"name":"wp","href":"https:\/\/api.w.org\/{rel}","templated":true}]}}