{"id":5355,"date":"2009-05-18T22:58:18","date_gmt":"2009-05-18T20:58:18","guid":{"rendered":"http:\/\/www.carballada.com\/?p=5355"},"modified":"2009-11-09T15:03:42","modified_gmt":"2009-11-09T13:03:42","slug":"neri-hr","status":"publish","type":"post","link":"https:\/\/www.carballada.com\/wordpress\/2009\/05\/neri-hr","title":{"rendered":"Neri H&#038;R"},"content":{"rendered":"<p><a href=\"http:\/\/www.carballada.com\/wp-content\/uploads\/neri-restaurante.jpg\"><img loading=\"lazy\" class=\"alignleft size-thumbnail wp-image-5356\" title=\"neri-restaurante\" src=\"http:\/\/www.carballada.com\/wp-content\/uploads\/neri-restaurante-128x96.jpg\" alt=\"neri-restaurante\" width=\"128\" height=\"96\" srcset=\"https:\/\/www.carballada.com\/wordpress\/wp-content\/uploads\/neri-restaurante-128x96.jpg 128w, https:\/\/www.carballada.com\/wordpress\/wp-content\/uploads\/neri-restaurante-300x225.jpg 300w, https:\/\/www.carballada.com\/wordpress\/wp-content\/uploads\/neri-restaurante-1024x768.jpg 1024w, https:\/\/www.carballada.com\/wordpress\/wp-content\/uploads\/neri-restaurante.jpg 2048w\" sizes=\"(max-width: 128px) 100vw, 128px\" \/><\/a>Para una <strong>celebraci\u00f3n<\/strong>.<\/p>\n<p>Es un sitio muy <em>peque\u00f1o<\/em>, con espacio que creo que es para unas <strong>veinte <\/strong>personas, no muchas m\u00e1s.<\/p>\n<p>Est\u00e1 situado en el hotel del mismo nombre muy cerca de la <em>Pla\u00e7a Sant Jaume<\/em>, en el <a title=\"barrio g\u00f3tico en wiki\" href=\"http:\/\/es.wikipedia.org\/wiki\/Barrio_G%C3%B3tico_de_Barcelona\">barrio g\u00f3tico de Barcelona<\/a>.<\/p>\n<p>La <em>decoraci\u00f3n <\/em>est\u00e1 muy bien, es un sitio <em>oscurito<\/em>, encuentro que <strong>elegante<\/strong>, resulta <em>\u00edntimo <\/em>y es muy agradable cenar all\u00ed.<\/p>\n<p>Cena para <strong>dos <\/strong>con reserva.<\/p>\n<p><!--more-->Es un sitio para tener una buena <strong>conversaci\u00f3n<\/strong>.<\/p>\n<p>De aperitivo sirvieron unos aceites aromatizados y sal marina con barritas de pan tostado y unas patatas plateadas con crema de alioli.<\/p>\n<p>Una cena fue de platos con primero de <em>foie salteado con hierbas<\/em> (<strong>20\u20ac<\/strong>) y de segundo <em>bacalao confitado<\/em> (<strong>24\u20ac<\/strong>).<\/p>\n<p>Y la otra fue un men\u00fa <em>degustaci\u00f3n <\/em>por<strong> 72\u20ac<\/strong>, con risotto de quesos de primero y de segundos cabrito cocinado durante 12 horas y rodaballo.<\/p>\n<p>Y para acabar una<em> selecci\u00f3n de postres<\/em>.<\/p>\n<p>Para beber un <em>Martinet Bru<\/em> (<strong>30\u20ac<\/strong>).<\/p>\n<p>La cena para dos por unos <strong>155\u20ac<\/strong>, unos <strong>80\u20ac <\/strong>por cabeza.<\/p>\n<p>La comida <em>correcta<\/em>, aunque el precio elevado, en un sitio <strong>bonito <\/strong>pero sin destacar especialmente la comida, creo que el men\u00fa <strong>no <\/strong>vale mucho la pena es mejor ir de carta.<\/p>\n<p>El restaurante se lleva un<\/p>\n<p><strong>Rating:<\/strong> <img src=\"http:\/\/www.carballada.com\/wordpress\/wp-content\/plugins\/star-rating-for-reviews\/images\/star.png\" alt=\"&#9733;\" \/><img src=\"http:\/\/www.carballada.com\/wordpress\/wp-content\/plugins\/star-rating-for-reviews\/images\/star.png\" alt=\"&#9733;\" \/><img src=\"http:\/\/www.carballada.com\/wordpress\/wp-content\/plugins\/star-rating-for-reviews\/images\/star.png\" alt=\"&#9733;\" \/><img src=\"http:\/\/www.carballada.com\/wordpress\/wp-content\/plugins\/star-rating-for-reviews\/images\/halfstar.png\" alt=\"&frac12;\" \/><img src=\"http:\/\/www.carballada.com\/wordpress\/wp-content\/plugins\/star-rating-for-reviews\/images\/blankstar.png\" alt=\"&#9734;\" \/><\/p>\n<p>El <strong>Neri H&amp;R<\/strong> est\u00e1 en la calle <em>San Sever<\/em> n\u00famero 5 y el tel\u00e9fono es el 93 304 06 55.<\/p>\n","protected":false},"excerpt":{"rendered":"<p>Para una celebraci\u00f3n. Es un sitio muy peque\u00f1o, con espacio que creo que es para unas veinte personas, no muchas m\u00e1s. Est\u00e1 situado en el hotel del mismo nombre muy cerca de la Pla\u00e7a Sant Jaume, en el barrio g\u00f3tico de Barcelona. La decoraci\u00f3n est\u00e1 muy bien, es un sitio oscurito, encuentro que elegante, resulta [&hellip;]<\/p>\n","protected":false},"author":6,"featured_media":0,"comment_status":"open","ping_status":"open","sticky":false,"template":"","format":"standard","meta":[],"categories":[29],"tags":[234,229,232],"geo":{"latitude":41.3831558,"longitude":2.1754358,"description":null},"_links":{"self":[{"href":"https:\/\/www.carballada.com\/wordpress\/wp-json\/wp\/v2\/posts\/5355"}],"collection":[{"href":"https:\/\/www.carballada.com\/wordpress\/wp-json\/wp\/v2\/posts"}],"about":[{"href":"https:\/\/www.carballada.com\/wordpress\/wp-json\/wp\/v2\/types\/post"}],"author":[{"embeddable":true,"href":"https:\/\/www.carballada.com\/wordpress\/wp-json\/wp\/v2\/users\/6"}],"replies":[{"embeddable":true,"href":"https:\/\/www.carballada.com\/wordpress\/wp-json\/wp\/v2\/comments?post=5355"}],"version-history":[{"count":1,"href":"https:\/\/www.carballada.com\/wordpress\/wp-json\/wp\/v2\/posts\/5355\/revisions"}],"predecessor-version":[{"id":5374,"href":"https:\/\/www.carballada.com\/wordpress\/wp-json\/wp\/v2\/posts\/5355\/revisions\/5374"}],"wp:attachment":[{"href":"https:\/\/www.carballada.com\/wordpress\/wp-json\/wp\/v2\/media?parent=5355"}],"wp:term":[{"taxonomy":"category","embeddable":true,"href":"https:\/\/www.carballada.com\/wordpress\/wp-json\/wp\/v2\/categories?post=5355"},{"taxonomy":"post_tag","embeddable":true,"href":"https:\/\/www.carballada.com\/wordpress\/wp-json\/wp\/v2\/tags?post=5355"}],"curies":[{"name":"wp","href":"https:\/\/api.w.org\/{rel}","templated":true}]}}