{"id":5361,"date":"2009-06-07T22:58:08","date_gmt":"2009-06-07T20:58:08","guid":{"rendered":"http:\/\/www.carballada.com\/?p=5361"},"modified":"2009-06-08T23:00:42","modified_gmt":"2009-06-08T21:00:42","slug":"la-gorda","status":"publish","type":"post","link":"https:\/\/www.carballada.com\/wordpress\/2009\/06\/la-gorda","title":{"rendered":"La Gorda"},"content":{"rendered":"<p><a href=\"http:\/\/www.carballada.com\/wp-content\/uploads\/la-gorda-resturante.jpg\"><img loading=\"lazy\" class=\"alignleft size-thumbnail wp-image-5362\" title=\"la-gorda-resturante\" src=\"http:\/\/www.carballada.com\/wp-content\/uploads\/la-gorda-resturante-128x96.jpg\" alt=\"la-gorda-resturante\" width=\"128\" height=\"96\" srcset=\"https:\/\/www.carballada.com\/wordpress\/wp-content\/uploads\/la-gorda-resturante-128x96.jpg 128w, https:\/\/www.carballada.com\/wordpress\/wp-content\/uploads\/la-gorda-resturante-300x225.jpg 300w, https:\/\/www.carballada.com\/wordpress\/wp-content\/uploads\/la-gorda-resturante-1024x768.jpg 1024w, https:\/\/www.carballada.com\/wordpress\/wp-content\/uploads\/la-gorda-resturante.jpg 2048w\" sizes=\"(max-width: 128px) 100vw, 128px\" \/><\/a>Nuevo <em>restaurante <\/em>por la zona del <a title=\"poblesec wiki\" href=\"http:\/\/ca.wikipedia.org\/wiki\/Poble-Sec\">Poble Sec<\/a><span style=\"font-weight: bold;\"> <\/span>de <strong>Barcelona<\/strong>.<\/p>\n<p>Est\u00e1 muy cerca de <a title=\"la fira\" href=\"http:\/\/www.firabcn.es\/\">La Fira de Barcelona<\/a>.<\/p>\n<p>El local <strong>no <\/strong>es muy grande, con espacio para unas <em>seis o siete<\/em> mesas con bastante espacio entre ellas.<\/p>\n<p>La decoraci\u00f3n es <em>curiosa<\/em>, las l\u00e1mparas est\u00e1n muy <strong>curradas <\/strong>y me gustan, me gusta todo menos las <em>mesas <\/em>que no encajan.<\/p>\n<p>Acaban de abrir as\u00ed que tal y como est\u00e1n las cosas en general, supongo que hay que esperar a que lo <strong>puedan <\/strong>tener tal y como les apetece realmente.<\/p>\n<p><!--more-->La comida est\u00e1 muy bien, <em>platitos <\/em>para picotear algo y para cenar cosas ricas.<\/p>\n<p>Cena para <strong>dos <\/strong>sin reserva un <em>s\u00e1bado <\/em>por la noche.<\/p>\n<p>De primeros para compartir unas anchoas de la <strong>Escala <\/strong>(9\u20ac) y unos <em>rigatone <\/em>(9\u20ac).<\/p>\n<p>De segundos unos<em> mejillones Thai<\/em> (9\u20ac) y un <em>carpaccio de buey<\/em> (13\u20ac).<\/p>\n<p>Para beber un <strong>lambrusco <\/strong>rosado de la <strong>Emilia <\/strong>(10\u20ac) y de postre un <em>puding <\/em>(4\u20ac).<\/p>\n<p>Con caf\u00e9s por unos <strong>55\u20ac<\/strong>, unos<strong> 28\u20ac<\/strong> por persona.<\/p>\n<p>El restaurante se lleva un<\/p>\n<p><strong>Rating:<\/strong> <img src=\"http:\/\/www.carballada.com\/wordpress\/wp-content\/plugins\/star-rating-for-reviews\/images\/star.png\" alt=\"&#9733;\" \/><img src=\"http:\/\/www.carballada.com\/wordpress\/wp-content\/plugins\/star-rating-for-reviews\/images\/star.png\" alt=\"&#9733;\" \/><img src=\"http:\/\/www.carballada.com\/wordpress\/wp-content\/plugins\/star-rating-for-reviews\/images\/star.png\" alt=\"&#9733;\" \/><img src=\"http:\/\/www.carballada.com\/wordpress\/wp-content\/plugins\/star-rating-for-reviews\/images\/blankstar.png\" alt=\"&#9734;\" \/><img src=\"http:\/\/www.carballada.com\/wordpress\/wp-content\/plugins\/star-rating-for-reviews\/images\/blankstar.png\" alt=\"&#9734;\" \/><\/p>\n<p><strong>no <\/strong>es un precio bajo, pero los platos est\u00e1n bien y el sitio es muy agradable, para repetir.<\/p>\n<p>El restaurante<strong> La Gorda<\/strong> est\u00e1 en la calle <em>Font Honrada<\/em> n\u00famero 49 y el tel\u00e9fono es el 93 289 42 09.<\/p>\n","protected":false},"excerpt":{"rendered":"<p>Nuevo restaurante por la zona del Poble Sec de Barcelona. Est\u00e1 muy cerca de La Fira de Barcelona. El local no es muy grande, con espacio para unas seis o siete mesas con bastante espacio entre ellas. La decoraci\u00f3n es curiosa, las l\u00e1mparas est\u00e1n muy curradas y me gustan, me gusta todo menos las mesas [&hellip;]<\/p>\n","protected":false},"author":6,"featured_media":0,"comment_status":"open","ping_status":"open","sticky":false,"template":"","format":"standard","meta":[],"categories":[28],"tags":[234,229,232],"geo":{"latitude":41.3721657,"longitude":2.1559591,"description":null},"_links":{"self":[{"href":"https:\/\/www.carballada.com\/wordpress\/wp-json\/wp\/v2\/posts\/5361"}],"collection":[{"href":"https:\/\/www.carballada.com\/wordpress\/wp-json\/wp\/v2\/posts"}],"about":[{"href":"https:\/\/www.carballada.com\/wordpress\/wp-json\/wp\/v2\/types\/post"}],"author":[{"embeddable":true,"href":"https:\/\/www.carballada.com\/wordpress\/wp-json\/wp\/v2\/users\/6"}],"replies":[{"embeddable":true,"href":"https:\/\/www.carballada.com\/wordpress\/wp-json\/wp\/v2\/comments?post=5361"}],"version-history":[{"count":0,"href":"https:\/\/www.carballada.com\/wordpress\/wp-json\/wp\/v2\/posts\/5361\/revisions"}],"wp:attachment":[{"href":"https:\/\/www.carballada.com\/wordpress\/wp-json\/wp\/v2\/media?parent=5361"}],"wp:term":[{"taxonomy":"category","embeddable":true,"href":"https:\/\/www.carballada.com\/wordpress\/wp-json\/wp\/v2\/categories?post=5361"},{"taxonomy":"post_tag","embeddable":true,"href":"https:\/\/www.carballada.com\/wordpress\/wp-json\/wp\/v2\/tags?post=5361"}],"curies":[{"name":"wp","href":"https:\/\/api.w.org\/{rel}","templated":true}]}}