{"id":5507,"date":"2009-08-11T22:20:53","date_gmt":"2009-08-11T20:20:53","guid":{"rendered":"http:\/\/www.carballada.com\/?p=5507"},"modified":"2009-08-12T10:22:52","modified_gmt":"2009-08-12T08:22:52","slug":"aubergue-de-crussol","status":"publish","type":"post","link":"https:\/\/www.carballada.com\/wordpress\/2009\/08\/aubergue-de-crussol","title":{"rendered":"Aubergue de Crussol"},"content":{"rendered":"<p><a href=\"http:\/\/www.carballada.com\/wp-content\/uploads\/auberge-de-crussol.jpg\"><img loading=\"lazy\" class=\"alignleft size-thumbnail wp-image-5509\" title=\"auberge de crussol\" src=\"http:\/\/www.carballada.com\/wp-content\/uploads\/auberge-de-crussol-128x102.jpg\" alt=\"auberge de crussol\" width=\"128\" height=\"102\" srcset=\"https:\/\/www.carballada.com\/wordpress\/wp-content\/uploads\/auberge-de-crussol-128x102.jpg 128w, https:\/\/www.carballada.com\/wordpress\/wp-content\/uploads\/auberge-de-crussol-300x240.jpg 300w, https:\/\/www.carballada.com\/wordpress\/wp-content\/uploads\/auberge-de-crussol-1024x819.jpg 1024w, https:\/\/www.carballada.com\/wordpress\/wp-content\/uploads\/auberge-de-crussol.jpg 1280w\" sizes=\"(max-width: 128px) 100vw, 128px\" \/><\/a>Del viaje de trabajo a la zona de <a title=\"valence en wiki\" href=\"http:\/\/es.wikipedia.org\/wiki\/Valence_%28Dr%C3%B4me%29\">Valence-sur-Rh\u00f4ne<\/a> tambi\u00e9n me llev\u00e9 este restaurante situado muy cerca del castillo de <strong>Crussol<\/strong> en <em>Saint Peray<\/em>.<\/p>\n<p>Es un albergue <em>antiguo<\/em> y la terraza para las cenas esta montada al m\u00e1s puro estilo <strong>merendero<\/strong>: con manteles de <em>pl\u00e1stico<\/em> y sillas de <em>jard\u00edn<\/em>.<\/p>\n<p>Lo que lo hace <strong>interesante<\/strong> es que tienen un men\u00fa que resulta muy completo a un muy <em>reducido<\/em> precio y encima con unas buenas vistas.<\/p>\n<p><!--more-->As\u00ed que excursi\u00f3n por la tarde y cena para <strong>cuatro<\/strong>.<\/p>\n<p>El men\u00fa consiste en un aperitivo a base vino blanco para empezar, luego una <em>salade de lardons<\/em>, <em>oignons et cro\u00fbtons<\/em> y luego un <em>plateau de charcuterie d&#8217;Ard\u00e8che<\/em>.<\/p>\n<p>EL plato fuerte es un confit de <strong>Canard<\/strong> con <em>champignons et crique<\/em> y luego una copa de<em> fromage blanc au coulis de fruits rouges<\/em>.<\/p>\n<p>De postre un <em>cr\u00eape de myrtilles<\/em>.<\/p>\n<p>Todo por unos <strong>24\u20ac <\/strong>por persona.<\/p>\n<p>El sitio se lleva un<\/p>\n<p><strong>Rating:<\/strong> <img src=\"http:\/\/www.carballada.com\/wordpress\/wp-content\/plugins\/star-rating-for-reviews\/images\/star.png\" alt=\"&#9733;\" \/><img src=\"http:\/\/www.carballada.com\/wordpress\/wp-content\/plugins\/star-rating-for-reviews\/images\/star.png\" alt=\"&#9733;\" \/><img src=\"http:\/\/www.carballada.com\/wordpress\/wp-content\/plugins\/star-rating-for-reviews\/images\/star.png\" alt=\"&#9733;\" \/><img src=\"http:\/\/www.carballada.com\/wordpress\/wp-content\/plugins\/star-rating-for-reviews\/images\/blankstar.png\" alt=\"&#9734;\" \/><img src=\"http:\/\/www.carballada.com\/wordpress\/wp-content\/plugins\/star-rating-for-reviews\/images\/blankstar.png\" alt=\"&#9734;\" \/><\/p>\n<p>buen precio y <strong>abundante<\/strong> com\u00edda regional.<\/p>\n<p>El <strong>Aubergue de Crussol<\/strong> est\u00e1 muy cerca del castillo de <em>Crussol<\/em> en<strong> Saint Peray<\/strong> y el tel\u00e9fono es el 04 75 40 47 65<\/p>\n","protected":false},"excerpt":{"rendered":"<p>Del viaje de trabajo a la zona de Valence-sur-Rh\u00f4ne tambi\u00e9n me llev\u00e9 este restaurante situado muy cerca del castillo de Crussol en Saint Peray. Es un albergue antiguo y la terraza para las cenas esta montada al m\u00e1s puro estilo merendero: con manteles de pl\u00e1stico y sillas de jard\u00edn. Lo que lo hace interesante es [&hellip;]<\/p>\n","protected":false},"author":6,"featured_media":0,"comment_status":"open","ping_status":"open","sticky":false,"template":"","format":"standard","meta":[],"categories":[37],"tags":[234,229,232],"geo":{"latitude":44.9409256,"longitude":4.8485651,"description":null},"_links":{"self":[{"href":"https:\/\/www.carballada.com\/wordpress\/wp-json\/wp\/v2\/posts\/5507"}],"collection":[{"href":"https:\/\/www.carballada.com\/wordpress\/wp-json\/wp\/v2\/posts"}],"about":[{"href":"https:\/\/www.carballada.com\/wordpress\/wp-json\/wp\/v2\/types\/post"}],"author":[{"embeddable":true,"href":"https:\/\/www.carballada.com\/wordpress\/wp-json\/wp\/v2\/users\/6"}],"replies":[{"embeddable":true,"href":"https:\/\/www.carballada.com\/wordpress\/wp-json\/wp\/v2\/comments?post=5507"}],"version-history":[{"count":0,"href":"https:\/\/www.carballada.com\/wordpress\/wp-json\/wp\/v2\/posts\/5507\/revisions"}],"wp:attachment":[{"href":"https:\/\/www.carballada.com\/wordpress\/wp-json\/wp\/v2\/media?parent=5507"}],"wp:term":[{"taxonomy":"category","embeddable":true,"href":"https:\/\/www.carballada.com\/wordpress\/wp-json\/wp\/v2\/categories?post=5507"},{"taxonomy":"post_tag","embeddable":true,"href":"https:\/\/www.carballada.com\/wordpress\/wp-json\/wp\/v2\/tags?post=5507"}],"curies":[{"name":"wp","href":"https:\/\/api.w.org\/{rel}","templated":true}]}}