{"id":5520,"date":"2010-06-22T22:15:09","date_gmt":"2010-06-22T20:15:09","guid":{"rendered":"http:\/\/www.carballada.com\/?p=5520"},"modified":"2010-06-23T09:17:06","modified_gmt":"2010-06-23T07:17:06","slug":"litoral-v4","status":"publish","type":"post","link":"https:\/\/www.carballada.com\/wordpress\/2010\/06\/litoral-v4","title":{"rendered":"Litoral (v4)"},"content":{"rendered":"<p><a href=\"http:\/\/www.carballada.com\/wp-content\/uploads\/litoral-v4.jpg\"><img loading=\"lazy\" class=\"alignleft size-thumbnail wp-image-6027\" title=\"litoral v4\" src=\"http:\/\/www.carballada.com\/wp-content\/uploads\/litoral-v4-128x76.jpg\" alt=\"\" width=\"128\" height=\"76\" srcset=\"https:\/\/www.carballada.com\/wordpress\/wp-content\/uploads\/litoral-v4-128x76.jpg 128w, https:\/\/www.carballada.com\/wordpress\/wp-content\/uploads\/litoral-v4-300x179.jpg 300w, https:\/\/www.carballada.com\/wordpress\/wp-content\/uploads\/litoral-v4-1024x613.jpg 1024w\" sizes=\"(max-width: 128px) 100vw, 128px\" \/><\/a>Otro a\u00f1o y nueva visita a este <strong>restaurante<\/strong> de la\u00a0<a title=\"barceloneta en wiki\" href=\"http:\/\/es.wikipedia.org\/wiki\/Barceloneta_%28Barcelona%29\">Barceloneta<\/a>.<\/p>\n<p>As\u00ed queda inaugurada la <em>temporada<\/em> de terracitas en la playa aunque el tiempo se empe\u00f1e en <em>aguarnos<\/em> la fiesta.<\/p>\n<p>El restaurante <strong>Litoral<\/strong> es pra m\u00ed todo\u00a0un cl\u00e1sico.<\/p>\n<p>Ya he hablado aqu\u00ed <em>tres<\/em> veces antes, la <a title=\"litoral\" href=\"http:\/\/www.carballada.com\/2006\/07\/litoral\">primera cita<\/a> es del verano del <strong>2006<\/strong>.<\/p>\n<p>As\u00ed que comida para <strong>dos<\/strong> un s\u00e1bado al mediod\u00eda sin reserva y esperando un poquito bajo el sol para conseguir mesa.<\/p>\n<p><!--more-->Para empezar con un medio surtido de <em>mariscos<\/em> (10\u20ac) y <em>fritos<\/em> (10\u20ac) y para comer una <strong>paella mixta<\/strong> para dos (<strong>12\u20ac<\/strong>).<\/p>\n<p>Para beber un <strong>Ermita d&#8217;Espiells<\/strong> (15\u20ac).<\/p>\n<p>La comida para dos sali\u00f3 por unos <em>72\u20ac<\/em>, unos <strong>36\u20ac<\/strong> por cabeza<\/p>\n<p>Tengo por aqu\u00ed anotada la visita del a\u00f1o pasado de la que no hice rese\u00f1a y con un <em>arroz caldoso con bogavante<\/em> (23\u20ac) para dos la comida sali\u00f3 entonces por unos\u00a0<em>84\u20ac<\/em>, unos <strong>42\u20ac<\/strong> por cabeza.<\/p>\n<p>Mantiene su<\/p>\n<p><strong>Rating:<\/strong> <img src=\"http:\/\/www.carballada.com\/wordpress\/wp-content\/plugins\/star-rating-for-reviews\/images\/star.png\" alt=\"&#9733;\" \/><img src=\"http:\/\/www.carballada.com\/wordpress\/wp-content\/plugins\/star-rating-for-reviews\/images\/star.png\" alt=\"&#9733;\" \/><img src=\"http:\/\/www.carballada.com\/wordpress\/wp-content\/plugins\/star-rating-for-reviews\/images\/star.png\" alt=\"&#9733;\" \/><img src=\"http:\/\/www.carballada.com\/wordpress\/wp-content\/plugins\/star-rating-for-reviews\/images\/star.png\" alt=\"&#9733;\" \/><img src=\"http:\/\/www.carballada.com\/wordpress\/wp-content\/plugins\/star-rating-for-reviews\/images\/blankstar.png\" alt=\"&#9734;\" \/><\/p>\n<p>El restaurante<strong> Litoral <\/strong>est\u00e1 en el <em>Carrer dels Pescadors<\/em> en el n\u00famero 87 y el tel\u00e9fono es el 93 221 22 09.<\/p>\n","protected":false},"excerpt":{"rendered":"<p>Otro a\u00f1o y nueva visita a este restaurante de la\u00a0Barceloneta. As\u00ed queda inaugurada la temporada de terracitas en la playa aunque el tiempo se empe\u00f1e en aguarnos la fiesta. El restaurante Litoral es pra m\u00ed todo\u00a0un cl\u00e1sico. Ya he hablado aqu\u00ed tres veces antes, la primera cita es del verano del 2006. As\u00ed que comida [&hellip;]<\/p>\n","protected":false},"author":6,"featured_media":0,"comment_status":"open","ping_status":"open","sticky":false,"template":"","format":"standard","meta":[],"categories":[33],"tags":[234,229,232],"geo":{"latitude":41.3757858,"longitude":2.1901035,"description":"Carrer dels Pescadors, 87, 08003, Barcelona, Espa\u00f1a"},"_links":{"self":[{"href":"https:\/\/www.carballada.com\/wordpress\/wp-json\/wp\/v2\/posts\/5520"}],"collection":[{"href":"https:\/\/www.carballada.com\/wordpress\/wp-json\/wp\/v2\/posts"}],"about":[{"href":"https:\/\/www.carballada.com\/wordpress\/wp-json\/wp\/v2\/types\/post"}],"author":[{"embeddable":true,"href":"https:\/\/www.carballada.com\/wordpress\/wp-json\/wp\/v2\/users\/6"}],"replies":[{"embeddable":true,"href":"https:\/\/www.carballada.com\/wordpress\/wp-json\/wp\/v2\/comments?post=5520"}],"version-history":[{"count":0,"href":"https:\/\/www.carballada.com\/wordpress\/wp-json\/wp\/v2\/posts\/5520\/revisions"}],"wp:attachment":[{"href":"https:\/\/www.carballada.com\/wordpress\/wp-json\/wp\/v2\/media?parent=5520"}],"wp:term":[{"taxonomy":"category","embeddable":true,"href":"https:\/\/www.carballada.com\/wordpress\/wp-json\/wp\/v2\/categories?post=5520"},{"taxonomy":"post_tag","embeddable":true,"href":"https:\/\/www.carballada.com\/wordpress\/wp-json\/wp\/v2\/tags?post=5520"}],"curies":[{"name":"wp","href":"https:\/\/api.w.org\/{rel}","templated":true}]}}