{"id":6014,"date":"2011-07-10T22:23:42","date_gmt":"2011-07-10T20:23:42","guid":{"rendered":"http:\/\/www.carballada.com\/?p=6014"},"modified":"2011-07-11T13:25:52","modified_gmt":"2011-07-11T11:25:52","slug":"la-bona-taula","status":"publish","type":"post","link":"https:\/\/www.carballada.com\/wordpress\/2011\/07\/la-bona-taula","title":{"rendered":"La Bona Taula"},"content":{"rendered":"<p><a href=\"http:\/\/www.carballada.com\/wp-content\/uploads\/IMAG0022.jpg\"><img loading=\"lazy\" class=\"alignleft size-thumbnail wp-image-6015\" title=\"restaurante la bona taula\" src=\"http:\/\/www.carballada.com\/wp-content\/uploads\/IMAG0022-128x96.jpg\" alt=\"\" width=\"128\" height=\"96\" srcset=\"https:\/\/www.carballada.com\/wordpress\/wp-content\/uploads\/IMAG0022-128x96.jpg 128w, https:\/\/www.carballada.com\/wordpress\/wp-content\/uploads\/IMAG0022-300x225.jpg 300w, https:\/\/www.carballada.com\/wordpress\/wp-content\/uploads\/IMAG0022-1024x771.jpg 1024w\" sizes=\"(max-width: 128px) 100vw, 128px\" \/><\/a>Siempre estoy <em>explorando<\/em> sitios para ir a comer cerca de mi trabajo y hace ya m\u00e1s de un a\u00f1o que encontr\u00e9 \u00e9ste por una <strong>recomendaci\u00f3n<\/strong>.<\/p>\n<p>Es un local m\u00e1s bien grande con bastantes mesas en su interior y una antigua zona de <em>fumadores<\/em> en parte de la entrada.<\/p>\n<p>La <strong>decoraci\u00f3n<\/strong> est\u00e1 bien escogida y est\u00e1 basada en el <em>negro<\/em>, el <em>blanco<\/em> y el <em>rojo<\/em>.<\/p>\n<p>Tienen alguna mesa <em>redonda<\/em> que permite comidas agradables en peque\u00f1os grupos.<\/p>\n<p>Al mediod\u00eda puedes escoger un men\u00fa muy completo por unos<strong> 13,50\u20ac <\/strong>m\u00e1s caf\u00e9s.<\/p>\n<p><!--more-->Este men\u00fa es <em>elaborado<\/em> y suele tener algo as\u00ed como unas <strong>siete<\/strong> opciones de primero y segundos.<\/p>\n<p>Mejor ir <em>temprano<\/em> a comer ya que se suele llenar.<\/p>\n<p>Esta vez he comido por ejemplo unas<em> alcachofas rellenas de setas y gambas<\/em> de primero y un <em>solomillo al roquefort<\/em>.<\/p>\n<p>Se lleva un<\/p>\n<p><strong>Rating:<\/strong> <img src=\"http:\/\/www.carballada.com\/wordpress\/wp-content\/plugins\/star-rating-for-reviews\/images\/star.png\" alt=\"&#9733;\" \/><img src=\"http:\/\/www.carballada.com\/wordpress\/wp-content\/plugins\/star-rating-for-reviews\/images\/star.png\" alt=\"&#9733;\" \/><img src=\"http:\/\/www.carballada.com\/wordpress\/wp-content\/plugins\/star-rating-for-reviews\/images\/star.png\" alt=\"&#9733;\" \/><img src=\"http:\/\/www.carballada.com\/wordpress\/wp-content\/plugins\/star-rating-for-reviews\/images\/halfstar.png\" alt=\"&frac12;\" \/><img src=\"http:\/\/www.carballada.com\/wordpress\/wp-content\/plugins\/star-rating-for-reviews\/images\/blankstar.png\" alt=\"&#9734;\" \/><\/p>\n<p>la gente que trabaja aqu\u00ed es <em>r\u00e1pida<\/em> y muy <strong>agradable<\/strong>.<\/p>\n<p>Es un lugar al que voy por lo menos una vez al <em>mes<\/em> desde que lo descubr\u00ed.<\/p>\n<p>Como siempre en los restaurantes de fuera de <strong>Barcelona<\/strong> y de cerca de mi trabajo, dir\u00e9 que me apetece ir un d\u00eda a cenar, pero yo mismo ya s\u00e9 que no me resulta nada f\u00e1cil hacerlo.<\/p>\n<p>El restaurante<strong> La Bona Taula<\/strong> est\u00e1 en la<em> Avenida de Montserrat <\/em>n\u00famero 36 de <strong>Lli\u00e7a De Vall <\/strong>y el tel\u00e9fono es el 938 439 927\u200e<\/p>\n","protected":false},"excerpt":{"rendered":"<p>Siempre estoy explorando sitios para ir a comer cerca de mi trabajo y hace ya m\u00e1s de un a\u00f1o que encontr\u00e9 \u00e9ste por una recomendaci\u00f3n. Es un local m\u00e1s bien grande con bastantes mesas en su interior y una antigua zona de fumadores en parte de la entrada. La decoraci\u00f3n est\u00e1 bien escogida y est\u00e1 [&hellip;]<\/p>\n","protected":false},"author":6,"featured_media":0,"comment_status":"open","ping_status":"open","sticky":false,"template":"","format":"standard","meta":[],"categories":[37],"tags":[234,229,232],"geo":{"latitude":41.5898323,"longitude":2.242563,"description":"BV-1602, 08185 Lli\u00e7\u00e0 de Vall, Spain"},"_links":{"self":[{"href":"https:\/\/www.carballada.com\/wordpress\/wp-json\/wp\/v2\/posts\/6014"}],"collection":[{"href":"https:\/\/www.carballada.com\/wordpress\/wp-json\/wp\/v2\/posts"}],"about":[{"href":"https:\/\/www.carballada.com\/wordpress\/wp-json\/wp\/v2\/types\/post"}],"author":[{"embeddable":true,"href":"https:\/\/www.carballada.com\/wordpress\/wp-json\/wp\/v2\/users\/6"}],"replies":[{"embeddable":true,"href":"https:\/\/www.carballada.com\/wordpress\/wp-json\/wp\/v2\/comments?post=6014"}],"version-history":[{"count":8,"href":"https:\/\/www.carballada.com\/wordpress\/wp-json\/wp\/v2\/posts\/6014\/revisions"}],"predecessor-version":[{"id":7116,"href":"https:\/\/www.carballada.com\/wordpress\/wp-json\/wp\/v2\/posts\/6014\/revisions\/7116"}],"wp:attachment":[{"href":"https:\/\/www.carballada.com\/wordpress\/wp-json\/wp\/v2\/media?parent=6014"}],"wp:term":[{"taxonomy":"category","embeddable":true,"href":"https:\/\/www.carballada.com\/wordpress\/wp-json\/wp\/v2\/categories?post=6014"},{"taxonomy":"post_tag","embeddable":true,"href":"https:\/\/www.carballada.com\/wordpress\/wp-json\/wp\/v2\/tags?post=6014"}],"curies":[{"name":"wp","href":"https:\/\/api.w.org\/{rel}","templated":true}]}}