{"id":7123,"date":"2011-08-02T22:25:04","date_gmt":"2011-08-02T20:25:04","guid":{"rendered":"http:\/\/www.carballada.com\/?p=7123"},"modified":"2011-08-04T12:15:33","modified_gmt":"2011-08-04T10:15:33","slug":"agua-restaurant","status":"publish","type":"post","link":"https:\/\/www.carballada.com\/wordpress\/2011\/08\/agua-restaurant","title":{"rendered":"Agua Restaurant"},"content":{"rendered":"<p><a href=\"http:\/\/www.carballada.com\/wp-content\/uploads\/IMG_0519.jpg\"><img loading=\"lazy\" class=\"alignleft size-thumbnail wp-image-7124\" title=\"agua restaurante\" src=\"http:\/\/www.carballada.com\/wp-content\/uploads\/IMG_0519-128x95.jpg\" alt=\"\" width=\"128\" height=\"95\" srcset=\"https:\/\/www.carballada.com\/wordpress\/wp-content\/uploads\/IMG_0519-128x95.jpg 128w, https:\/\/www.carballada.com\/wordpress\/wp-content\/uploads\/IMG_0519-300x224.jpg 300w, https:\/\/www.carballada.com\/wordpress\/wp-content\/uploads\/IMG_0519-1024x764.jpg 1024w\" sizes=\"(max-width: 128px) 100vw, 128px\" \/><\/a><\/p>\n<p>Uno de los mayores gustos del <em>verano<\/em> es cenar en una <strong>terracita<\/strong> junto al mar.<\/p>\n<p>El\u00a0restaurante\u00a0<strong>Agua<\/strong> est\u00e1 en un lugar privilegiado pero rodeado de demasiados turistas, supongo que no es una buena \u00e9poca para ir.<\/p>\n<p>Est\u00e1 en la <em>playa<\/em> de la Barceloneta, junto al <strong>Hotel Arts<\/strong> y el pez de<strong> Frank Gehry<\/strong>.<\/p>\n<p>La <strong>decoraci\u00f3n<\/strong> me gusta, <em>sencilla y luminosa<\/em>, se nota la intenci\u00f3n de transmitir el aire\u00a0<em>mediterr\u00e1neo<\/em>.<\/p>\n<p>Cena para\u00a0<strong>cuatro<\/strong>\u00a0noche de s\u00e1bado en la terraza, es necesario <strong>reservar<\/strong>, creo que hace lleno todos los fines de semana.<\/p>\n<p><!--more-->La pena es que hab\u00eda bastante <em>foll\u00f3n<\/em>, casi se estaba mejor dentro con el aire <em>acondicionado<\/em> y una mayor tranquilidad.<\/p>\n<p>Forma parte del conocido\u00a0<a title=\"grupo tragaluz\" href=\"http:\/\/www.grupotragaluz.com\/\" target=\"_blank\">grupo tragaluz<\/a>\u00a0de los mismos\u00a0<strong>due\u00f1os\u00a0<\/strong>de sitios como\u00a0las\u00a0<a title=\"cuines de santa caterina\" href=\"http:\/\/www.carballada.com\/archives\/643\" target=\"_blank\">Cuines de Santa Caterina<\/a>,\u00a0<a title=\"Permalink a 'El Japones del Tragaluz'\" href=\"http:\/\/www.carballada.com\/2007\/09\/el-japones-del-tragaluz\" rel=\"bookmark\">El Japones del Tragaluz<\/a>,\u00a0el\u00a0<a title=\"Permalink a 'Tragarr\u00e0pid'\" href=\"http:\/\/www.carballada.com\/2007\/09\/tragarrapid\" rel=\"bookmark\">Tragarr\u00e0pid<\/a>\u00a0o el fant\u00e1stico\u00a0<a href=\"http:\/\/www.carballada.com\/2010\/12\/moo\">Moo<\/a>\u00a0por poner solamente algunos ejemplos.<\/p>\n<p>De primeros un par de<em> verduras a la brasa<\/em> (10\u20ac), y una<em> ensalada de tomate raf y queso<\/em> (11\u20ac).<\/p>\n<p>De segundos un<em> carpaccio de buey<\/em> (15\u20ac), un <em>solomillo de buey<\/em> (22\u20ac) y <em>dos de arroz caldoso<\/em> (21\u20ac).<\/p>\n<p>De postre un<em> sorbete de lim\u00f3n<\/em> (5\u20ac) y <em>ocho<\/em> caf\u00e9s con hielo (2\u20ac).<\/p>\n<p>Para beber al principio unos <strong>Martinis<\/strong> (4\u20ac) y luego una botella de <em>Creciente<\/em> (15\u20ac).<\/p>\n<p>La cena por unos<strong> 172\u20ac<\/strong>, unos <strong>45\u20ac<\/strong> por persona.<\/p>\n<p>Se lleva un<\/p>\n<p><strong>Rating:<\/strong> <img src=\"http:\/\/www.carballada.com\/wordpress\/wp-content\/plugins\/star-rating-for-reviews\/images\/star.png\" alt=\"&#9733;\" \/><img src=\"http:\/\/www.carballada.com\/wordpress\/wp-content\/plugins\/star-rating-for-reviews\/images\/star.png\" alt=\"&#9733;\" \/><img src=\"http:\/\/www.carballada.com\/wordpress\/wp-content\/plugins\/star-rating-for-reviews\/images\/star.png\" alt=\"&#9733;\" \/><img src=\"http:\/\/www.carballada.com\/wordpress\/wp-content\/plugins\/star-rating-for-reviews\/images\/halfstar.png\" alt=\"&frac12;\" \/><img src=\"http:\/\/www.carballada.com\/wordpress\/wp-content\/plugins\/star-rating-for-reviews\/images\/blankstar.png\" alt=\"&#9734;\" \/><\/p>\n<p>todo muy\u00a0<em>correcto<\/em>\u00a0con precios un poco elevados y la gente es muy agradable y atenta.<\/p>\n<p>El restaurante <strong>Agua<\/strong> est\u00e1 en el paseo <em>Mar\u00edtimo de la Barceloneta<\/em> n\u00famero 30 y el tel\u00e9fono es el 93 225 12 72.<\/p>\n","protected":false},"excerpt":{"rendered":"<p>Uno de los mayores gustos del verano es cenar en una terracita junto al mar. El\u00a0restaurante\u00a0Agua est\u00e1 en un lugar privilegiado pero rodeado de demasiados turistas, supongo que no es una buena \u00e9poca para ir. Est\u00e1 en la playa de la Barceloneta, junto al Hotel Arts y el pez de Frank Gehry. La decoraci\u00f3n me [&hellip;]<\/p>\n","protected":false},"author":6,"featured_media":0,"comment_status":"open","ping_status":"open","sticky":false,"template":"","format":"standard","meta":[],"categories":[29],"tags":[234,229,232],"geo":{"latitude":41.3846245,"longitude":2.1975095,"description":"Barcelona, Cataluna, 08080, ES"},"_links":{"self":[{"href":"https:\/\/www.carballada.com\/wordpress\/wp-json\/wp\/v2\/posts\/7123"}],"collection":[{"href":"https:\/\/www.carballada.com\/wordpress\/wp-json\/wp\/v2\/posts"}],"about":[{"href":"https:\/\/www.carballada.com\/wordpress\/wp-json\/wp\/v2\/types\/post"}],"author":[{"embeddable":true,"href":"https:\/\/www.carballada.com\/wordpress\/wp-json\/wp\/v2\/users\/6"}],"replies":[{"embeddable":true,"href":"https:\/\/www.carballada.com\/wordpress\/wp-json\/wp\/v2\/comments?post=7123"}],"version-history":[{"count":8,"href":"https:\/\/www.carballada.com\/wordpress\/wp-json\/wp\/v2\/posts\/7123\/revisions"}],"predecessor-version":[{"id":7208,"href":"https:\/\/www.carballada.com\/wordpress\/wp-json\/wp\/v2\/posts\/7123\/revisions\/7208"}],"wp:attachment":[{"href":"https:\/\/www.carballada.com\/wordpress\/wp-json\/wp\/v2\/media?parent=7123"}],"wp:term":[{"taxonomy":"category","embeddable":true,"href":"https:\/\/www.carballada.com\/wordpress\/wp-json\/wp\/v2\/categories?post=7123"},{"taxonomy":"post_tag","embeddable":true,"href":"https:\/\/www.carballada.com\/wordpress\/wp-json\/wp\/v2\/tags?post=7123"}],"curies":[{"name":"wp","href":"https:\/\/api.w.org\/{rel}","templated":true}]}}