{"id":713,"date":"2006-10-27T16:35:35","date_gmt":"2006-10-27T14:35:35","guid":{"rendered":"http:\/\/www.carballada.com\/archives\/713"},"modified":"2006-11-06T16:44:22","modified_gmt":"2006-11-06T14:44:22","slug":"kenfir","status":"publish","type":"post","link":"https:\/\/www.carballada.com\/wordpress\/2006\/10\/kenfir","title":{"rendered":"Kenfir"},"content":{"rendered":"<p><a class=\"imagelink\" title=\"Kenfir\" href=\"http:\/\/www.carballada.com\/wp-content\/uploads\/kenfir.jpg\"><img id=\"image712\" class=\"left\" alt=\"Kenfir\" src=\"http:\/\/www.carballada.com\/wp-content\/uploads\/kenfir.miniatura.jpg\" \/><\/a><\/p>\n<p>El men\u00fa sale por <strong>8,35\u20ac<\/strong> m\u00e1s el caf\u00e9 por <strong>9,20\u20ac<\/strong>.<\/p>\n<p>Est\u00e1 en <strong>Mollet<\/strong>, en la calle Joaquin Mir, 57. Lo mejor es mirar el mapa que siempre pongo al lado del t\u00edtulo para saber donde para.<\/p>\n<p>Es un men\u00fa correcto sin m\u00e1s.<\/p>\n<p>Tiene una terraza con muy buena pinta, tendr\u00e9 que volver en cuanto se pueda usar, ahora hace fresquillo.<\/p>\n<p>Otra cosa que me gusta es bastante f\u00e1cil aparcar cerca y eso es importante para comer un men\u00fa r\u00e1pido al mediod\u00eda.<\/p>\n<p><!--more--><\/p>\n<p>Son muy r\u00e1pidos y eficientes.<\/p>\n<p>Se queda con un<\/p>\n<p><strong>Rating:<\/strong> <img src=\"http:\/\/www.carballada.com\/wordpress\/wp-content\/plugins\/star-rating-for-reviews\/images\/star.png\" alt=\"&#9733;\" \/><img src=\"http:\/\/www.carballada.com\/wordpress\/wp-content\/plugins\/star-rating-for-reviews\/images\/star.png\" alt=\"&#9733;\" \/><img src=\"http:\/\/www.carballada.com\/wordpress\/wp-content\/plugins\/star-rating-for-reviews\/images\/halfstar.png\" alt=\"&frac12;\" \/><img src=\"http:\/\/www.carballada.com\/wordpress\/wp-content\/plugins\/star-rating-for-reviews\/images\/blankstar.png\" alt=\"&#9734;\" \/><img src=\"http:\/\/www.carballada.com\/wordpress\/wp-content\/plugins\/star-rating-for-reviews\/images\/blankstar.png\" alt=\"&#9734;\" \/><\/p>\n","protected":false},"excerpt":{"rendered":"<p>El men\u00fa sale por 8,35\u20ac m\u00e1s el caf\u00e9 por 9,20\u20ac. Est\u00e1 en Mollet, en la calle Joaquin Mir, 57. Lo mejor es mirar el mapa que siempre pongo al lado del t\u00edtulo para saber donde para. Es un men\u00fa correcto sin m\u00e1s. Tiene una terraza con muy buena pinta, tendr\u00e9 que volver en cuanto se [&hellip;]<\/p>\n","protected":false},"author":6,"featured_media":0,"comment_status":"open","ping_status":"open","sticky":false,"template":"","format":"standard","meta":[],"categories":[35],"tags":[61,229,232],"geo":{"latitude":41.3195,"longitude":2.0081,"description":null},"_links":{"self":[{"href":"https:\/\/www.carballada.com\/wordpress\/wp-json\/wp\/v2\/posts\/713"}],"collection":[{"href":"https:\/\/www.carballada.com\/wordpress\/wp-json\/wp\/v2\/posts"}],"about":[{"href":"https:\/\/www.carballada.com\/wordpress\/wp-json\/wp\/v2\/types\/post"}],"author":[{"embeddable":true,"href":"https:\/\/www.carballada.com\/wordpress\/wp-json\/wp\/v2\/users\/6"}],"replies":[{"embeddable":true,"href":"https:\/\/www.carballada.com\/wordpress\/wp-json\/wp\/v2\/comments?post=713"}],"version-history":[{"count":0,"href":"https:\/\/www.carballada.com\/wordpress\/wp-json\/wp\/v2\/posts\/713\/revisions"}],"wp:attachment":[{"href":"https:\/\/www.carballada.com\/wordpress\/wp-json\/wp\/v2\/media?parent=713"}],"wp:term":[{"taxonomy":"category","embeddable":true,"href":"https:\/\/www.carballada.com\/wordpress\/wp-json\/wp\/v2\/categories?post=713"},{"taxonomy":"post_tag","embeddable":true,"href":"https:\/\/www.carballada.com\/wordpress\/wp-json\/wp\/v2\/tags?post=713"}],"curies":[{"name":"wp","href":"https:\/\/api.w.org\/{rel}","templated":true}]}}