{"id":783,"date":"2006-11-22T11:02:06","date_gmt":"2006-11-22T10:02:06","guid":{"rendered":"http:\/\/www.carballada.com\/archives\/783"},"modified":"2006-12-30T02:54:27","modified_gmt":"2006-12-30T01:54:27","slug":"apellido-carballada","status":"publish","type":"post","link":"https:\/\/www.carballada.com\/wordpress\/2006\/11\/apellido-carballada","title":{"rendered":"Apellido Carballada"},"content":{"rendered":"<p><a class=\"imagelink\" title=\"Escudo Carballada\" href=\"http:\/\/www.carballada.com\/wp-content\/uploads\/escudo-carballada.jpg\"><img id=\"image784\" class=\"left xsrc=\" alt=\"Escudo Carballada\" src=\"http:\/\/www.carballada.com\/wp-content\/uploads\/escudo-carballada.miniatura.jpg\" \/><\/a><\/p>\n<p><strong>Pablo <\/strong>ha publicado un documentado estudio sobre el apellido <strong>Carballada <\/strong>en su blog <a title=\"Pablo\" target=\"_blank\" href=\"http:\/\/pfcarballada.blogspot.com\/2006\/11\/carballada.html\">o meu curruncho<\/a> que paso a  reproducir integramente a partir de aqu\u00ed.<\/p>\n<p>Hai tempo que eu vi\u00f1a \u00abprofundando\u00bb na idea de facer un post adicado a este meu apelido materno, Carballada, pois no seu d\u00eda procurei algunha informaci\u00f3n que me parece interesante compartir con outros que se chamen igual.<\/p>\n<p><span style=\"font-weight: bold\">ETIMOLOX\u00cdA<\/span><\/p>\n<p>Parece bastante evidente a orixe etimol\u00f3xica da palabra <span style=\"font-style: italic\">carballada<\/span>. Est\u00e1 claro que \u00e9 un apelido galego e case podemos adivi\u00f1ar o seu significado.<\/p>\n<p>Hoxe non existe esta palabra no galego actual. Pode ser que sexa derivada de <span style=\"font-style: italic\">carballeda<\/span>, que adem\u00e1is \u00e9 moito m\u00e1is abundante entre os apelidos galegos e que significa o mesmo que <span style=\"font-style: italic\">carballeira<\/span>: \u00ablugar poboado de carballos\u00bb. Non \u00e9 necesario que vos lembre o que \u00e9 un <a target=\"_blank\" title=\"wiki\" href=\"http:\/\/gl.wikipedia.org\/wiki\/Carballo\">carballo<\/a>.<\/p>\n<p><!--more--><\/p>\n<p>Podemos asumir que <span style=\"font-style: italic\">carballada<\/span> \u00e9 unha variante de <span style=\"font-style: italic\">carballeda<\/span>, que deriva de <span style=\"font-style: italic\">carballo<\/span>. Pero de onde v\u00e9n <span style=\"font-style: italic\">carballo<\/span>? Como non son fil\u00f3logo perm\u00edtome citar a algu\u00e9n que si sabe destas cousas, como <a href=\"http:\/\/gl.wikipedia.org\/wiki\/M%C3%A9ndez_Ferr%C3%ADn\">Xos\u00e9 Luis M\u00e9ndez Ferr\u00edn<\/a>, que deixou ben claro na \u00abCaixa dos Apelidos\u00bb que escribe os domingos no <a href=\"http:\/\/www.farodevigo.es\/\">Faro<\/a>, que <span class=\"pullquote\">as orixes da palabra carballo constit\u00faen un enigma<\/span> ben arcaico pois a s\u00faa raiz \u00e9 preindoeuropea e ti\u00f1a significados como <span style=\"font-style: italic\">\u00abrocha, cousa  de constituci\u00f3n dura, planta de monte \u00e1spera e dura\u00bb<\/span>.<\/p>\n<p>Posteriormente, sobreviviu \u00e1s linguas prerromanas e ao lat\u00edn para dar diferentes palabras nos idiomas europeos modernos, sempre relacionadas co monte e as s\u00faas plantas. Entre elas est\u00e1 o <a href=\"http:\/\/gl.wikipedia.org\/wiki\/Galego-portugu%C3%A9s\">galego-portugu\u00e9s<\/a> <span style=\"font-style: italic\">carballo<\/span> ou <span style=\"font-style: italic\">carvalho<\/span>, pero tam\u00e9n o <a href=\"http:\/\/gl.wikipedia.org\/wiki\/Idioma_vasco\">vasco<\/a> <span style=\"font-style: italic\">karbara<\/span>.<\/p>\n<p><a title=\"Paisaje gallego\" href=\"http:\/\/www.carballada.com\/wp-content\/uploads\/galicia.jpg\"><img class=\"middle\" style=\"width: 400px\" src=\"http:\/\/www.carballada.com\/wp-content\/uploads\/galicia.jpg\" \/><\/a><\/p>\n<p>Como curiosidade, podemos engadir que si existe a palabra <span style=\"font-style: italic\">carvalhada<\/span> no <a href=\"http:\/\/pt.wikipedia.org\/wiki\/Portugu%C3%AAs_brasileiro\">portugu\u00e9s do Brasil<\/a>. Al\u00ed, nalg\u00fans estados do interior e o nordeste, a <a href=\"http:\/\/www.secom.mt.gov.br\/download.php?id=26353\">carvalhada<\/a> \u00e9 unha festa tradicional parecida \u00e1s festas de moros e cristi\u00e1ns de Espa\u00f1a, e mesmo o goberno emitiu estes selos.<\/p>\n<p><a title=\"Sellos Carballada\" class=\"imagelink\" href=\"http:\/\/www.carballada.com\/wp-content\/uploads\/sellos-carballada.jpg\"><img alt=\"Sellos Carballada\" id=\"image787\" src=\"http:\/\/www.carballada.com\/wp-content\/uploads\/sellos-carballada.miniatura.jpg\" \/><\/a><\/p>\n<p>Non existe o apelido Carvalhada.<span style=\"font-weight: bold\" \/><\/p>\n<p><span style=\"font-weight: bold\">ORIXE DO APELIDO<\/span><\/p>\n<p>Como todos os apelidos do pa\u00eds, o noso comezou a herdarse nalg\u00fan momento entre os s\u00e9culos XIV e XV. Seguramente ten orixe topon\u00edmica, o que quere dicir que foi un sobrenome que se lle puxo a unha familia que viv\u00eda nun lugar as\u00ed chamado e que despois ficou petrificado en forma de apelido, seguramente na forma \u00abda Carballada\u00bb. O \u00abda\u00bb ter\u00edase perdido na escuridade dos s\u00e9culos, como lle pasou \u00e1s preposici\u00f3ns de case todos os apelidos topon\u00edmicos.<\/p>\n<p>Hoxe non existe ning\u00fan lugar, aldea ou fregues\u00eda en <a href=\"http:\/\/gl.wikipedia.org\/wiki\/Galicia\">Galicia<\/a> que se chame Carballada, ainda que si existiu, concretamente na fregues\u00eda de <a href=\"http:\/\/gl.wikipedia.org\/wiki\/Mart%C3%ADn%2C_B%C3%B3veda\">Mart\u00edn<\/a>, concello de <a href=\"http:\/\/gl.wikipedia.org\/wiki\/B%C3%B3veda\">B\u00f3veda<\/a> (<a href=\"http:\/\/gl.wikipedia.org\/wiki\/Provincia_de_Lugo\">Lugo<\/a>) un lugar, ou mellor dito, unhas pedras no r\u00edo que atravesa o lugar e que os veci\u00f1os chamaban Ponte da Carballada. Nesta aldea \u00e9 onde atopamos a maior concentraci\u00f3n de Carballadas!!<\/p>\n<p>O devanceiro m\u00e1is antigo do que te\u00f1o noticia \u00e9 <strong>Pedro Carballada<\/strong>, que andaba en pleitos cun tal Bartolom\u00e9 de Vilaboa en <strong>1597<\/strong>, e que est\u00e1 documentado no cat\u00e1logo de Particulares nos fondos documentais do <a href=\"http:\/\/www.xunta.es\/conselle\/cultura\/patrimonio\/arquivos\/arquivo%20reino\/index.html\">Arquivo do Reino de Galicia<\/a>.<\/p>\n<p><a title=\"Escudo Carballada\" href=\"http:\/\/www.carballada.com\/wp-content\/uploads\/escudo-carballada.jpg\"><img class=\"middle\" style=\"width: 320px\" src=\"http:\/\/www.carballada.com\/wp-content\/uploads\/escudo-carballada.jpg\" \/><\/a><span style=\"font-weight: bold; color: #ff6666\"><br \/>\n<\/span><\/p>\n<p><span style=\"font-weight: bold; color: #ff6666\"> Teor\u00eda alternativa<\/span>: Pode ser que Carballada sexa simplemente unha variaci\u00f3n ou deturpaci\u00f3n m\u00e1is ou menos recente do apelido <a href=\"http:\/\/www.xenealoxia.org\/modules.php?name=Apelidos&#038;rop=showcontent&#038;id=494\">Carballeda<\/a>, tam\u00e9n orixinario de Lugo pero moito m\u00e1is frecuente. De ser as\u00ed, deber\u00edamos considerar a <span style=\"font-style: italic\">Ponte da Carballada<\/span> como unha denominaci\u00f3n posterior \u00e1 da familia.<\/p>\n<p><span style=\"font-weight: bold\">EMIGRACI\u00d3N<\/span><\/p>\n<p>\u00c9ste <span class=\"pullquote\">\u00e9 un apelido en perigo de extinci\u00f3n<\/span>, como case todos os apelidos \u00abraros\u00bb. Hoxe hai m\u00e1is Carballadas f\u00f3ra de Galicia e mesmo de Espa\u00f1a que no propio pa\u00eds. Isto \u00e9 debido, principalmente, \u00e1 forte sangr\u00eda migratoria que sufriu o interior de Galicia nos \u00faltimos 200 anos. Imaxinade as condici\u00f3ns de vida en Mart\u00edn (B\u00f3veda) no s\u00e9culo XIX&#8230; ou agora!<\/p>\n<p>Foron varios os que emigraron aos <a href=\"http:\/\/gl.wikipedia.org\/wiki\/Estados_Unidos\">Estados Unidos<\/a> nos anos 20 e 30 e que est\u00e1n rexistrados nos arquivos de <a href=\"http:\/\/www.ellisislandrecords.org\/\">Ellis Island<\/a>, o centro receptor de inmigrantes, fronte \u00e1 Estatua da Liberdade. Isto explica que hoxe vivan neste pa\u00eds un importante n\u00famero de persoas con este apelido, concentrados nos estados de <a href=\"http:\/\/gl.wikipedia.org\/wiki\/Nova_York_%28estado%29\">New York<\/a> e <a href=\"http:\/\/www.ohio.gov\/\">Ohio<\/a>, principalmente.<\/p>\n<p>En menor n\u00famero chegaron a <a href=\"http:\/\/gl.wikipedia.org\/wiki\/Cuba\">Cuba<\/a>, e de a\u00ed, posteriormente, \u00e1 <a href=\"http:\/\/gl.wikipedia.org\/wiki\/Florida\">Florida<\/a>, <a href=\"http:\/\/gl.wikipedia.org\/wiki\/Porto_Rico_-_Puerto_Rico\">Puerto Rico<\/a> e <a href=\"http:\/\/gl.wikipedia.org\/wiki\/M%C3%A9xico\">M\u00e9xico<\/a>.<\/p>\n<p>Pero o grande receptor foi, como non, a <a href=\"http:\/\/gl.wikipedia.org\/wiki\/Arxentina\">Arxentina<\/a>, pa\u00eds no que viven m\u00e1is Carballadas que en Espa\u00f1a, ainda que iso pasa tam\u00e9n con moitos outros apelidos galegos.<\/p>\n<p><span style=\"font-weight: bold\">ESTAT\u00cdSTICA<\/span><\/p>\n<p>O <a href=\"http:\/\/www.ine.es\/\">Instituto Nacional de Estad\u00edstica<\/a> sacou esta interesante <a href=\"https:\/\/idapadron.ine.es\/fapel\/FAPEL.INICIO\">p\u00e1xina<\/a> na que podemos procurar os apelidos dos residentes inscritos no padr\u00f3n do Reino de Espa\u00f1a.<\/p>\n<p>Isto pode ter diferentes aplicaci\u00f3ns, por exemplo, co\u00f1ecer a provincia de orixe do apelido en cuesti\u00f3n e o patr\u00f3n das migraci\u00f3ns dos seus portadores. Adem\u00e1is temos a opci\u00f3n de elixir se queremos procurar as provincias de residencia ou as de nacemento.<\/p>\n<p>O \u00fanico problema \u00e9 que se o resultado nunha provincia \u00e9 menos de 5, non aparece, e eses individuos pasan \u00e1 categor\u00eda de \u00abResto\u00bb.<br \/>\nEu procurei o apelido Carballada, por <a href=\"http:\/\/www.carballada.com\/wp-content\/uploads\/residentes.jpg\">lugar de residencia<\/a> e <a href=\"http:\/\/www.carballada.com\/wp-content\/uploads\/nacidos.jpg\">de nacemento<\/a> (clicade para ver os reultados) e aqu\u00ed temos algunhas <span style=\"font-weight: bold; color: #ff6666\" \/><\/p>\n<p><span style=\"font-weight: bold; color: #ff6666\">conclusi\u00f3ns<\/span>:<\/p>\n<ul>\n<li>O apelido orixinouse na <a href=\"http:\/\/gl.wikipedia.org\/wiki\/Provincia_de_Lugo\">provincia de Lugo<\/a> (iso xa o sabiamos). Aproximadamente o 60% dos Carballadas (como primeiro ou segundo apelido), naceron en Lugo, ainda que s\u00f3 un 37% viven ainda na provincia.<br \/>\nOs cami\u00f1os da emigraci\u00f3n interior levaron aos Carballadas ao resto de Galicia (\u00e1 <a href=\"http:\/\/gl.wikipedia.org\/wiki\/Provincia_da_Coru%C3%B1a\">Coru\u00f1a<\/a>, preferentemente, e a <a href=\"http:\/\/gl.wikipedia.org\/wiki\/Provincia_de_Pontevedra\">Pontevedra<\/a>) e, por suposto, a <a href=\"http:\/\/es.wikipedia.org\/wiki\/Provincia_de_Barcelona\">Barcelona<\/a> e <a href=\"http:\/\/es.wikipedia.org\/wiki\/Comunidad_de_Madrid\">Madrid<\/a>.<\/li>\n<li>Algunhas provincias desaparecen do mapa se nos limitamos \u00e1 procura por nacemento (ou \u00e9 que naceron menos de 5 nesas provincias?).<\/li>\n<li>Outras 35 persoas levan o apelido Carballada nas provincias non maioritarias (Resto).<\/li>\n<li>Un dato curioso: 4 persoas apel\u00eddanse Carballada Carballada, pero non naceron nin viven en ningunha desas provincias maioritarias.<\/li>\n<li>Somos 397 no <a href=\"http:\/\/es.wikipedia.org\/wiki\/Espa%C3%B1a\">Imperio<\/a> (non sei se estou incluido na conta) e alg\u00fans m\u00e1is que est\u00e1n de cami\u00f1o. Se mantemos a balanza positiva pasaremos dos 400, que case non d\u00e1 nin para encher o cine da esquina.<\/li>\n<\/ul>\n<p>En Galicia, a <a href=\"http:\/\/www.xunta.es\/\">Xunta<\/a> e a <a href=\"http:\/\/www.usc.es\/\">Universidade de Santiago<\/a> acaban de lanzar  estoutra <a href=\"http:\/\/servergis.cesga.es\/website\/apelidos\/viewer.asp\">p\u00e1xina<\/a>, e podedes consultar a distribuci\u00f3n deste apelido por concellos <a href=\"http:\/\/www.carballada.com\/wp-content\/uploads\/concellos.jpg\">aqu\u00ed<\/a>!!<br \/>\nO mapa da frecuencia relativa do apelido Carballada nos concellos galegos (padr\u00f3n do 2001) quedar\u00eda as\u00ed:<\/p>\n<p><a href=\"http:\/\/www.carballada.com\/wp-content\/uploads\/carballadas.jpg\"><img class=\"middle\" style=\"width: 400px\" src=\"http:\/\/www.carballada.com\/wp-content\/uploads\/carballadas.jpg\" \/><\/a><\/p>\n<p><font color=\"#990000\">Nota: Hasta aqu\u00ed es una copia integra del art\u00edculo publicado por <strong>Pablo Carballada<\/strong> en su blog <a title=\"Pablo\" target=\"_blank\" href=\"http:\/\/pfcarballada.blogspot.com\/2006\/11\/carballada.html\">o meu curruncho<\/a> y que amablemente me ha permitido reproducir.<\/font><\/p>\n<p>Como curiosidad y buscando un poco m\u00e1s en los registros de la isla de Ellys encontre un tal <strong>Jose Carballada<\/strong> que lleg\u00f3 el <em>24 de Noviembre de 1920<\/em> procedente de <strong>B\u00f3veda <\/strong>en el barco <em>Manchuria <\/em>desde Vigo.<\/p>\n<p>Este es el documento de registro, la l\u00ednea 23 corresponde a su registro<br \/>\n<a title=\"Ellys\" class=\"imagelink\" href=\"http:\/\/www.carballada.com\/wp-content\/uploads\/ellys.jpg\"><img alt=\"Ellys\" class=\"middle\" id=\"image791\" src=\"http:\/\/www.carballada.com\/wp-content\/uploads\/ellys.miniatura.jpg\" \/><\/a><\/p>\n<p>aparece como invitado por <strong>Jose Vega<\/strong> con direcci\u00f3n 1821 E 28th ST.Lorain Ohio, eso est\u00e1 <a target=\"_blank\" href=\"http:\/\/maps.google.com\/maps?f=q&#038;hl=es&#038;q=1821+E+28th+ST.Lorain+Ohio&#038;ie=UTF8&#038;z=15&#038;om=1&#038;iwloc=addr\">aqu\u00ed<\/a> en google maps.<br \/>\nY \u00e9ste es el barco Manchuria de m\u00e1s de 13.000 toneladas y con capacidad para  1,718 pasajeros (350 first class, 68 second class, 1,300 third class)<br \/>\n<a title=\"Manchuria\" class=\"imagelink\" href=\"http:\/\/www.carballada.com\/wp-content\/uploads\/manchuria.jpg\"><img alt=\"Manchuria\" class=\"middle\" id=\"image792\" src=\"http:\/\/www.carballada.com\/wp-content\/uploads\/manchuria.miniatura.jpg\" \/><\/a><\/p>\n<p><font color=\"#990000\">Actualizado: Gracias a JoseF tengo un gr\u00e1fico del reparto de los Carballada en provincias en Espa\u00f1a seg\u00fan el Instituto de Estad\u00edstica.<\/font><\/p>\n<p><a class=\"imagelink\" title=\"Carballada por provincias\" href=\"http:\/\/www.carballada.com\/wp-content\/uploads\/carballadas-en-provincias.jpg\"><img id=\"image802\" class=\"middle\" alt=\"Carballada por provincias\" src=\"http:\/\/www.carballada.com\/wp-content\/uploads\/carballadas-en-provincias.miniatura.jpg\" \/><\/a><\/p>\n","protected":false},"excerpt":{"rendered":"<p>Pablo ha publicado un documentado estudio sobre el apellido Carballada en su blog o meu curruncho que paso a reproducir integramente a partir de aqu\u00ed. Hai tempo que eu vi\u00f1a \u00abprofundando\u00bb na idea de facer un post adicado a este meu apelido materno, Carballada, pois no seu d\u00eda procurei algunha informaci\u00f3n que me parece interesante [&hellip;]<\/p>\n","protected":false},"author":6,"featured_media":0,"comment_status":"open","ping_status":"open","sticky":false,"template":"","format":"standard","meta":[],"categories":[21,15],"tags":[125,237,93],"geo":null,"_links":{"self":[{"href":"https:\/\/www.carballada.com\/wordpress\/wp-json\/wp\/v2\/posts\/783"}],"collection":[{"href":"https:\/\/www.carballada.com\/wordpress\/wp-json\/wp\/v2\/posts"}],"about":[{"href":"https:\/\/www.carballada.com\/wordpress\/wp-json\/wp\/v2\/types\/post"}],"author":[{"embeddable":true,"href":"https:\/\/www.carballada.com\/wordpress\/wp-json\/wp\/v2\/users\/6"}],"replies":[{"embeddable":true,"href":"https:\/\/www.carballada.com\/wordpress\/wp-json\/wp\/v2\/comments?post=783"}],"version-history":[{"count":0,"href":"https:\/\/www.carballada.com\/wordpress\/wp-json\/wp\/v2\/posts\/783\/revisions"}],"wp:attachment":[{"href":"https:\/\/www.carballada.com\/wordpress\/wp-json\/wp\/v2\/media?parent=783"}],"wp:term":[{"taxonomy":"category","embeddable":true,"href":"https:\/\/www.carballada.com\/wordpress\/wp-json\/wp\/v2\/categories?post=783"},{"taxonomy":"post_tag","embeddable":true,"href":"https:\/\/www.carballada.com\/wordpress\/wp-json\/wp\/v2\/tags?post=783"}],"curies":[{"name":"wp","href":"https:\/\/api.w.org\/{rel}","templated":true}]}}