{"id":8790,"date":"2013-02-28T21:28:44","date_gmt":"2013-02-28T19:28:44","guid":{"rendered":"http:\/\/www.carballada.com\/?p=8790"},"modified":"2013-05-15T17:38:37","modified_gmt":"2013-05-15T15:38:37","slug":"un-ano-expatriado","status":"publish","type":"post","link":"https:\/\/www.carballada.com\/wordpress\/2013\/02\/un-ano-expatriado","title":{"rendered":"Un a\u00f1o Expatriado"},"content":{"rendered":"<p><a href=\"http:\/\/pics.carballada.com\/wp-content\/uploads\/28bc3a729f2811e18cf91231380fd29b_7-500x500.jpg\"><img loading=\"lazy\" class=\"alignleft size-thumbnail wp-image-8792\" alt=\"747 de vuelta\" src=\"http:\/\/www.carballada.com\/wp-content\/uploads\/747-de-vuelta-128x128.jpg\" width=\"128\" height=\"128\" srcset=\"https:\/\/www.carballada.com\/wordpress\/wp-content\/uploads\/747-de-vuelta-128x128.jpg 128w, https:\/\/www.carballada.com\/wordpress\/wp-content\/uploads\/747-de-vuelta-300x300.jpg 300w, https:\/\/www.carballada.com\/wordpress\/wp-content\/uploads\/747-de-vuelta.jpg 500w\" sizes=\"(max-width: 128px) 100vw, 128px\" \/><\/a>Hace ya <strong>un a\u00f1o<\/strong> que contaba <a href=\"http:\/\/www.carballada.com\/2011\/11\/expatriado-a-munich\">por aqu\u00ed<\/a>\u00a0que me iba. Es curioso, pero casi siempre que explico a la gente que llevo un a\u00f1o ya, casi todo el mundo me responde con algo as\u00ed como: \u00ab<em>ya ha pasado un a\u00f1o? que r\u00e1pido pasa el tiempo&#8230;<\/em>\u00ab.<\/p>\n<p>Por favor, <em>reconsidera<\/em> bien una afirmaci\u00f3n as\u00ed antes de compartirla conmigo, piensa que a\u00fan me queda otro por delante y justo ahora estoy tomando <em>conciencia<\/em> de que solamente estoy en la <strong>mitad<\/strong> del camino. De buen rollo.<\/p>\n<p>El tiempo <strong>no<\/strong> ha pasado <em>especialmente<\/em> r\u00e1pido para m\u00ed. Y con eso no quiero decir que no me encuentre bien, como en todas las \u00e9pocas hay momentos\u00a0<em>buenos<\/em>\u00a0y momentos<em>\u00a0menos buenos<\/em>, lo que digo es que\u00a0<strong>no<\/strong>\u00a0ha pasado r\u00e1pido.<\/p>\n<p>No contar\u00e9 todas mis <strong>miserias<\/strong>, solamente unos datos objetivos de este \u00faltimo a\u00f1o sobre mis vuelos: he tomado el avi\u00f3n <strong>101 veces<\/strong>, he recorrido\u00a0<strong>141.027 km<\/strong> (unas<em> 3,5 vueltas al mundo<\/em>) y he estado en el aire un total de m\u00e1s de <strong>9 d\u00edas seguidos<\/strong>.<\/p>\n<p><!--more-->Para que te hagas una idea, cuenta hasta <strong>100<\/strong> y cada vez que sumas uno piensa en todo lo que cada incremento\u00a0<em>representa<\/em>.<\/p>\n<p>Piensa en que para ir a trabajar un lunes cualquiera tengas que coger el coche a las<em> 4:15 de la ma\u00f1ana<\/em>, llevarlo al <a href=\"http:\/\/www.aparcandgo.com\/\">aparca&amp;go<\/a>, esperar el <em>minibus<\/em>, pasar el control del <em>aeropuerto<\/em> (quitarte la chaqueta, el\u00a0cintur\u00f3n, \u00a0las cosas de los bolsillos, pelearte con la guiri que tiene prisa&#8230;) para embarcar a las<em> 5:30<\/em>, intentar <strong>dormir<\/strong> de camino y finalmente coger el <em>tren<\/em> y el <em>metro<\/em> para estar listo para <strong>empezar<\/strong> a trabajar a eso de las <em>9:30<\/em>. Todo \u00e9sto durante las <strong>seis<\/strong> horas anteriores a empezar a trabajar y con todav\u00eda\u00a0<em>todo<\/em> el d\u00eda de trabajo por delante.<\/p>\n<p>Quiz\u00e1s no lo parezca pero <strong>no<\/strong> quiero quejarme, considero que en cierto modo soy un <strong>afortunado<\/strong>. Lo digo sin <em>acritud<\/em>.<\/p>\n<p>Tengo una oportunidad \u00fanica para <em>aprender<\/em> muchas cosas, para mejorar mis\u00a0<em>perspectivas<\/em>\u00a0laborales, para sufrir una\u00a0<em>experiencia\u00a0<\/em>vital y para valorar lo que <strong>tengo<\/strong> y lo que dejo <strong>lejos<\/strong>.<\/p>\n<p>Ha sido un a\u00f1o diferente y el que viene seguramente ser\u00e1 un a\u00f1o\u00a0<em>distinto<\/em>\u00a0tambi\u00e9n, preparando ya el <em>regreso<\/em> y organizando la <strong>vuelta<\/strong>.<\/p>\n<p>En fin, <em>ya ha pasado un a\u00f1o? que r\u00e1pido pasa el tiempo&#8230;<\/em><\/p>\n","protected":false},"excerpt":{"rendered":"<p>Hace ya un a\u00f1o que contaba por aqu\u00ed\u00a0que me iba. Es curioso, pero casi siempre que explico a la gente que llevo un a\u00f1o ya, casi todo el mundo me responde con algo as\u00ed como: \u00abya ha pasado un a\u00f1o? que r\u00e1pido pasa el tiempo&#8230;\u00ab. Por favor, reconsidera bien una afirmaci\u00f3n as\u00ed antes de compartirla [&hellip;]<\/p>\n","protected":false},"author":6,"featured_media":0,"comment_status":"open","ping_status":"open","sticky":false,"template":"","format":"standard","meta":[],"categories":[21,15,14,5],"tags":[165],"geo":null,"_links":{"self":[{"href":"https:\/\/www.carballada.com\/wordpress\/wp-json\/wp\/v2\/posts\/8790"}],"collection":[{"href":"https:\/\/www.carballada.com\/wordpress\/wp-json\/wp\/v2\/posts"}],"about":[{"href":"https:\/\/www.carballada.com\/wordpress\/wp-json\/wp\/v2\/types\/post"}],"author":[{"embeddable":true,"href":"https:\/\/www.carballada.com\/wordpress\/wp-json\/wp\/v2\/users\/6"}],"replies":[{"embeddable":true,"href":"https:\/\/www.carballada.com\/wordpress\/wp-json\/wp\/v2\/comments?post=8790"}],"version-history":[{"count":11,"href":"https:\/\/www.carballada.com\/wordpress\/wp-json\/wp\/v2\/posts\/8790\/revisions"}],"predecessor-version":[{"id":8872,"href":"https:\/\/www.carballada.com\/wordpress\/wp-json\/wp\/v2\/posts\/8790\/revisions\/8872"}],"wp:attachment":[{"href":"https:\/\/www.carballada.com\/wordpress\/wp-json\/wp\/v2\/media?parent=8790"}],"wp:term":[{"taxonomy":"category","embeddable":true,"href":"https:\/\/www.carballada.com\/wordpress\/wp-json\/wp\/v2\/categories?post=8790"},{"taxonomy":"post_tag","embeddable":true,"href":"https:\/\/www.carballada.com\/wordpress\/wp-json\/wp\/v2\/tags?post=8790"}],"curies":[{"name":"wp","href":"https:\/\/api.w.org\/{rel}","templated":true}]}}