{"id":935,"date":"2007-01-07T21:46:57","date_gmt":"2007-01-07T20:46:57","guid":{"rendered":"http:\/\/www.carballada.com\/archives\/935"},"modified":"2007-01-07T21:52:12","modified_gmt":"2007-01-07T20:52:12","slug":"la-masia-st-cugat","status":"publish","type":"post","link":"https:\/\/www.carballada.com\/wordpress\/2007\/01\/la-masia-st-cugat","title":{"rendered":"La Masia St. Cugat"},"content":{"rendered":"<p><a title=\"La masia de sant cugat\" class=\"imagelink\" href=\"http:\/\/www.carballada.com\/wp-content\/uploads\/la-masia-sant-cugat.jpg\"><img alt=\"La masia de sant cugat\" class=\"left\" id=\"image934\" src=\"http:\/\/www.carballada.com\/wp-content\/uploads\/la-masia-sant-cugat.miniatura.jpg\" \/><\/a><\/p>\n<p>Todo empez\u00f3 como una salidita en moto el <em>domingo <\/em>por la ma\u00f1ana.<\/p>\n<p>Dos motos a dar un paseillo a las 11 y media de la ma\u00f1ana, la ruta escogida: subida a <strong>Cerdanyola <\/strong>por la ronda del mig, t\u00fanel de la Rovira, carretera del forat del vent. Vueltecillas a Sant Cugat, paseito a pie, vermoutillo, otra vuelta por la carretera de Rub\u00ed a Sabadell y vuelta a comer a la Mas\u00eda a las tres y media. Retorno a Barcelona por la carretera de <em>Vallvidrera<\/em>.<\/p>\n<p>El restaurante es un viejo conocido de la \u00e9poca en la que trabajaba en <strong>EDS <\/strong>Sant Cugat.<\/p>\n<p><!--more--><\/p>\n<p>Hemos comido en una terracita cubierta y cerrada que tienen en la parte de atr\u00e1s, todo a base de comida t\u00edpica. Trinxat de la Cerdanya con mucha butifarra negra (<strong>8\u20ac<\/strong>), mongetes del ganxet <strong>(6\u20ac<\/strong>) y una enorme ensalada de pollo (9\u20ac).<\/p>\n<p>De segundos, <em>caracoles <\/em>a la pimienta negra (10\u20ac), confit de pato (14\u20ac), y dorada al horno (13\u20ac).Para beber un <em>Solar de Samaniego<\/em> (<strong>15\u20ac<\/strong>).<\/p>\n<p>De postres un tap\u00f3n de chocolate (5\u20ac) y algo incre\u00edble, unas <strong><span class=\"pullquote\">torrijas con salsa inglesa y helado de queso de cabra<\/span><\/strong> (6\u20ac)&#8230;&#8230;<\/p>\n<p>Caf\u00e9s y todo por unos <strong>120\u20ac<\/strong>. Unos <strong>30\u20ac <\/strong>por cabeza.<\/p>\n<p>Por cierto dos mesas mas all\u00e1 estaba comiendo la guap\u00edsima <strong>Martina Klein<\/strong>.<\/p>\n<p>Se lleva un<\/p>\n<p><strong>Rating:<\/strong> <img src=\"http:\/\/www.carballada.com\/wordpress\/wp-content\/plugins\/star-rating-for-reviews\/images\/star.png\" alt=\"&#9733;\" \/><img src=\"http:\/\/www.carballada.com\/wordpress\/wp-content\/plugins\/star-rating-for-reviews\/images\/star.png\" alt=\"&#9733;\" \/><img src=\"http:\/\/www.carballada.com\/wordpress\/wp-content\/plugins\/star-rating-for-reviews\/images\/star.png\" alt=\"&#9733;\" \/><img src=\"http:\/\/www.carballada.com\/wordpress\/wp-content\/plugins\/star-rating-for-reviews\/images\/star.png\" alt=\"&#9733;\" \/><img src=\"http:\/\/www.carballada.com\/wordpress\/wp-content\/plugins\/star-rating-for-reviews\/images\/blankstar.png\" alt=\"&#9734;\" \/><\/p>\n<p>La direcci\u00f3n oficial es avenida de les Corts Catalanes, sin n\u00famero, en <em>Sant Cugat<\/em> del Vall\u00e9s. Tel\u00e9fono 93 589 34 45.<\/p>\n<p>Su p\u00e1gina web es <a target=\"_blank\" title=\"Masia Sant Cugat\" href=\"http:\/\/www.masiasantcugat.com\/\">masiasantcugat.com<\/a><\/p>\n","protected":false},"excerpt":{"rendered":"<p>Todo empez\u00f3 como una salidita en moto el domingo por la ma\u00f1ana. Dos motos a dar un paseillo a las 11 y media de la ma\u00f1ana, la ruta escogida: subida a Cerdanyola por la ronda del mig, t\u00fanel de la Rovira, carretera del forat del vent. Vueltecillas a Sant Cugat, paseito a pie, vermoutillo, otra [&hellip;]<\/p>\n","protected":false},"author":6,"featured_media":0,"comment_status":"open","ping_status":"open","sticky":false,"template":"","format":"standard","meta":[],"categories":[16,37],"tags":[61,229,232],"geo":{"latitude":41.4759827,"longitude":2.0981531,"description":null},"_links":{"self":[{"href":"https:\/\/www.carballada.com\/wordpress\/wp-json\/wp\/v2\/posts\/935"}],"collection":[{"href":"https:\/\/www.carballada.com\/wordpress\/wp-json\/wp\/v2\/posts"}],"about":[{"href":"https:\/\/www.carballada.com\/wordpress\/wp-json\/wp\/v2\/types\/post"}],"author":[{"embeddable":true,"href":"https:\/\/www.carballada.com\/wordpress\/wp-json\/wp\/v2\/users\/6"}],"replies":[{"embeddable":true,"href":"https:\/\/www.carballada.com\/wordpress\/wp-json\/wp\/v2\/comments?post=935"}],"version-history":[{"count":0,"href":"https:\/\/www.carballada.com\/wordpress\/wp-json\/wp\/v2\/posts\/935\/revisions"}],"wp:attachment":[{"href":"https:\/\/www.carballada.com\/wordpress\/wp-json\/wp\/v2\/media?parent=935"}],"wp:term":[{"taxonomy":"category","embeddable":true,"href":"https:\/\/www.carballada.com\/wordpress\/wp-json\/wp\/v2\/categories?post=935"},{"taxonomy":"post_tag","embeddable":true,"href":"https:\/\/www.carballada.com\/wordpress\/wp-json\/wp\/v2\/tags?post=935"}],"curies":[{"name":"wp","href":"https:\/\/api.w.org\/{rel}","templated":true}]}}